{"id":99,"date":"2011-04-06T20:01:54","date_gmt":"2011-04-06T18:01:54","guid":{"rendered":"http:\/\/kulturblaettchen.de\/?p=99"},"modified":"2013-09-30T20:09:23","modified_gmt":"2013-09-30T18:09:23","slug":"sucker-punch","status":"publish","type":"post","link":"https:\/\/kulturblaettchen.de\/?p=99","title":{"rendered":"Sucker Punch"},"content":{"rendered":"<p>Nein, diesen Film habe ich nicht gesehen und habe es auch nicht vor. Wer m\u00f6chte, kann ihn sich ab M\u00e4rz in deutschen Kinos antun. Was ich allerdings gemacht habe, ist, diesen wunderbaren Kommentar zum Film von Anita Sarkeesian, die\u00a0\u00fcber <a href=\"http:\/\/www.feministfrequency.com\" target=\"_blank\">Popkultur aus feministischer Sicht<\/a> bloggt, mit deutschen Untertitel zu versehen. Ich habe mir alle M\u00fche gegeben (auf &#8220;wei\u00dfeln&#8221; bin ich recht stolz, danke Max Frisch!), aber ich bin keine professionelle \u00dcbersetzerin, dass mich also niemand f\u00fcr etwaige Fehler zerfetze! Wer etwas verbessern oder sich auch einmal als Untertitler_in versuchen m\u00f6chte, kann dies auf\u00a0<a href=\"http:\/\/www.universalsubtitles.org\/en\/\" target=\"_blank\">http:\/\/www.universalsubtitles.org\/en\/<\/a> tun.<\/p>\n<p><script type=\"text\/javascript\" src=\"http:\/\/s3.www.universalsubtitles.org\/embed.js\">({\"video_url\": \"http:\/\/www.youtube.com\/watch?v=fYGiKDpjwfE\"})<\/script><\/p>\n","protected":false},"excerpt":{"rendered":"<p>Nein, diesen Film habe ich nicht gesehen und habe es auch nicht vor. Wer m\u00f6chte, kann ihn sich ab M\u00e4rz in deutschen Kinos antun. Was ich allerdings gemacht habe, ist, diesen wunderbaren Kommentar zum Film von Anita Sarkeesian, die\u00a0\u00fcber Popkultur aus feministischer Sicht bloggt, mit deutschen Untertitel zu versehen. Ich habe mir alle M\u00fche gegeben [&hellip;]<\/p>\n","protected":false},"author":2,"featured_media":0,"comment_status":"closed","ping_status":"closed","sticky":false,"template":"","format":"standard","meta":{"wprm-recipe-roundup-name":"","wprm-recipe-roundup-description":""},"categories":[25,12,24,26],"tags":[45,823,43,44],"_links":{"self":[{"href":"https:\/\/kulturblaettchen.de\/index.php?rest_route=\/wp\/v2\/posts\/99"}],"collection":[{"href":"https:\/\/kulturblaettchen.de\/index.php?rest_route=\/wp\/v2\/posts"}],"about":[{"href":"https:\/\/kulturblaettchen.de\/index.php?rest_route=\/wp\/v2\/types\/post"}],"author":[{"embeddable":true,"href":"https:\/\/kulturblaettchen.de\/index.php?rest_route=\/wp\/v2\/users\/2"}],"replies":[{"embeddable":true,"href":"https:\/\/kulturblaettchen.de\/index.php?rest_route=%2Fwp%2Fv2%2Fcomments&post=99"}],"version-history":[{"count":35,"href":"https:\/\/kulturblaettchen.de\/index.php?rest_route=\/wp\/v2\/posts\/99\/revisions"}],"predecessor-version":[{"id":2008,"href":"https:\/\/kulturblaettchen.de\/index.php?rest_route=\/wp\/v2\/posts\/99\/revisions\/2008"}],"wp:attachment":[{"href":"https:\/\/kulturblaettchen.de\/index.php?rest_route=%2Fwp%2Fv2%2Fmedia&parent=99"}],"wp:term":[{"taxonomy":"category","embeddable":true,"href":"https:\/\/kulturblaettchen.de\/index.php?rest_route=%2Fwp%2Fv2%2Fcategories&post=99"},{"taxonomy":"post_tag","embeddable":true,"href":"https:\/\/kulturblaettchen.de\/index.php?rest_route=%2Fwp%2Fv2%2Ftags&post=99"}],"curies":[{"name":"wp","href":"https:\/\/api.w.org\/{rel}","templated":true}]}}