{"id":892,"date":"2012-09-12T22:51:38","date_gmt":"2012-09-12T20:51:38","guid":{"rendered":"http:\/\/kulturblaettchen.de\/?p=892"},"modified":"2013-10-08T10:57:33","modified_gmt":"2013-10-08T08:57:33","slug":"gelesen-und-fur-gut-befunden-12-09-2012","status":"publish","type":"post","link":"https:\/\/kulturblaettchen.de\/?p=892","title":{"rendered":"Gelesen und f\u00fcr gut befunden: 12.09.2012"},"content":{"rendered":"<p><a href=\"http:\/\/www.studis-online.de\/HoPo\/art-1449-oecd-bericht-2012.php\" target=\"_blank\">Deutsches Hochschulsystem bleibt sozial selektiv<\/a>\u00a0(Studis online)<\/p>\n<blockquote><p>Im Grunde sind die Befunde seit Jahren mehr oder weniger gleich \u2013 und die Reaktionen der jeweils amtierenden Bildungsminister auch. Zahlen werden relativiert, kleine Erfolge gro\u00df geredet, Misserfolge ausgeblendet.<\/p><\/blockquote>\n<p><a href=\"http:\/\/www.fluter.de\/de\/114\/thema\/10768\/\" target=\"_blank\">Ein Mann, den es eigentlich nicht gibt<\/a>\u00a0(fluter)<\/p>\n<blockquote><p>Lange haben wir gesprochen und bis zuletzt war es unklar, ob dieses Treffen \u00fcberhaupt zustande kommt. Ich betrete das Zimmer und finde einen sichtlich \u00fcberforderten jungen Mann vor, der am liebsten in der n\u00e4chsten Sekunde wieder gehen w\u00fcrde. Er bleibt. Niemand darf von diesem Treffen wissen, denn ihn gibt es nicht. Trotz vieler Bedenken spricht er das erste Mal \u00fcber eine Sexualit\u00e4t, die in der Welt des Fu\u00dfballs nichts verloren hat.<\/p><\/blockquote>\n<p>Homosexualit\u00e4t darf in der Fussballbundesliga nicht vorkommen. F\u00fcr die nat\u00fcrlich doch existierenden homosexuellen Profifussballer wird das zum Problem.<\/p>\n<p><a href=\"http:\/\/www.11freunde.de\/interview\/schwule-fussball-profis\" target=\"_blank\">Manche spielen betont hart<\/a>\u00a0(11 Freunde)<\/p>\n<p>Die Kulturwissenschaftlerin Tatjana Eggeling forscht zu schwulen Profifussballern. Und kommt deshalb mit diesen ins Gespr\u00e4ch.<\/p>\n<p><a href=\"http:\/\/www.hertener-allgemeine.de\/lokales\/marl\/Maedchen-hat-sich-nicht-genug-gewehrt;art996,833782\" target=\"_blank\">&#8220;M\u00e4dchen hat sich nicht genug gewehrt&#8221;<\/a>\u00a0(Hertener Allgemeine)<\/p>\n<p>Das Problem ist nicht, ob der Angeklagte jetzt schuldig ist oder nicht. Sei er eben unschuldig, ich vertrete durchaus die Ansicht des <em>in dubio pro reo<\/em>.<\/p>\n<p>Das Problem ist, dass alle Menschen, die jemals vergewaltigt wurden\/werden, vermittelt wird, dass sie selbst schuld sind, wenn sie sich nicht wehren. Dass dar\u00fcber hinaus vor Gericht weiterhin nicht gilt &#8220;No means No&#8221;. Und niemand mehr einfach den Weg des geringsten Widerstandes w\u00e4hlen kann, ohne sich ein &#8220;selbst schuld&#8221; von Gericht anh\u00f6ren zu m\u00fcssen. Diese Botschaft seitens eines deutschen Gerichtes halte ich f\u00fcr sehr bedenklich.<\/p>\n<p><a href=\"http:\/\/www.pyrolim.de\/pyrocontra\/2012\/bettina-wulff-mob\/\" target=\"_blank\">Fremdsch\u00e4men f\u00fcr den Bettina-Mob<\/a><\/p>\n<blockquote><p>Was bilden sich die Leute eigentlich ein, die meinen, \u00f6ffentlich jemanden anderen herabw\u00fcrdigen, niedermachen, in Grund und Boden stampfen zu k\u00f6nnen? Wo bleibt der Anstand, wo das Mitgef\u00fchl f\u00fcr eine Frau, die nur ihren Namen und ihre Reputation sch\u00fctzen will? Warum k\u00f6nnen sich so viele Menschen nicht mehr einf\u00fchlen in die Gef\u00fchle anderer? Ich stehe fassungslos und angewidert vor dem K\u00fcbel Dreck, der im Internet \u00fcber Bettina Wulff ausgesch\u00fcttet wird. \u00dcberlegt sich denn niemand von denen, die da sch\u00fctten, wie er selbst sich in dieser Situation f\u00fchlen w\u00fcrde?<\/p><\/blockquote>\n<p>Ich denke, wir m\u00fcssen wieder mehr darauf achten, ob wir unsere aller erste Reaktion wirklich laut hinausposaunen. Ober ob wir nicht doch erst mal innehalten sollten, uns bei der eigenen Nase packen und \u00fcberlegen, was WIR tun w\u00fcrden, wenn wir in dieser Situation w\u00e4ren. Und dann einfach mal die Klappe halten. (Und ja, ich frage mich die ganze Zeit, ob ich die Diskussionen um Bettina Wulff wirklich hier im Blog so dokumentieren m\u00f6chte, oder ob es nicht besser w\u00e4re es zu lassen.)<\/p>\n<p><a href=\"http:\/\/www.stern.de\/blogs\/hans-martin_tillack\/sie-konnte-nicht-nein-sagen\/\" target=\"_blank\">Sie konnte nicht nein sagen<\/a>\u00a0(stern.de)<\/p>\n<p>Hans-Martin Tillack hat Bettina Wulffs Buch weit weniger wohlwollend gelesen als andere.<\/p>\n<p><a href=\"http:\/\/www.herzdamengeschichten.de\/2012\/09\/12\/gesprach-an-der-bettkante\/\" target=\"_blank\">Gespr\u00e4ch an der Bettkannte<\/a><\/p>\n<blockquote><p>Sohn I: \u201eWie hei\u00dft diese Geschichte hier?\u201c<br \/>\nIch: \u201eDie hei\u00dft \u201eDer geplagte Schriftsteller.\u201c<br \/>\nSohn I: \u201eAha. Und da geht es dann um einen Maximilian, was?\u201c<\/p><\/blockquote>\n<p>Bitte postet mehr Bonmots Eurer Kinder. Ich liebe solche coolen Reaktionen.<\/p>\n","protected":false},"excerpt":{"rendered":"<p>Deutsches Hochschulsystem bleibt sozial selektiv\u00a0(Studis online) Im Grunde sind die Befunde seit Jahren mehr oder weniger gleich \u2013 und die Reaktionen der jeweils amtierenden Bildungsminister auch. Zahlen werden relativiert, kleine Erfolge gro\u00df geredet, Misserfolge ausgeblendet. Ein Mann, den es eigentlich nicht gibt\u00a0(fluter) Lange haben wir gesprochen und bis zuletzt war es unklar, ob dieses Treffen [&hellip;]<\/p>\n","protected":false},"author":1,"featured_media":0,"comment_status":"closed","ping_status":"closed","sticky":false,"template":"","format":"standard","meta":{"wprm-recipe-roundup-name":"","wprm-recipe-roundup-description":""},"categories":[102,12,289,133],"tags":[292,326,325,323,207,321,297,848,324,847],"_links":{"self":[{"href":"https:\/\/kulturblaettchen.de\/index.php?rest_route=\/wp\/v2\/posts\/892"}],"collection":[{"href":"https:\/\/kulturblaettchen.de\/index.php?rest_route=\/wp\/v2\/posts"}],"about":[{"href":"https:\/\/kulturblaettchen.de\/index.php?rest_route=\/wp\/v2\/types\/post"}],"author":[{"embeddable":true,"href":"https:\/\/kulturblaettchen.de\/index.php?rest_route=\/wp\/v2\/users\/1"}],"replies":[{"embeddable":true,"href":"https:\/\/kulturblaettchen.de\/index.php?rest_route=%2Fwp%2Fv2%2Fcomments&post=892"}],"version-history":[{"count":5,"href":"https:\/\/kulturblaettchen.de\/index.php?rest_route=\/wp\/v2\/posts\/892\/revisions"}],"predecessor-version":[{"id":2099,"href":"https:\/\/kulturblaettchen.de\/index.php?rest_route=\/wp\/v2\/posts\/892\/revisions\/2099"}],"wp:attachment":[{"href":"https:\/\/kulturblaettchen.de\/index.php?rest_route=%2Fwp%2Fv2%2Fmedia&parent=892"}],"wp:term":[{"taxonomy":"category","embeddable":true,"href":"https:\/\/kulturblaettchen.de\/index.php?rest_route=%2Fwp%2Fv2%2Fcategories&post=892"},{"taxonomy":"post_tag","embeddable":true,"href":"https:\/\/kulturblaettchen.de\/index.php?rest_route=%2Fwp%2Fv2%2Ftags&post=892"}],"curies":[{"name":"wp","href":"https:\/\/api.w.org\/{rel}","templated":true}]}}