{"id":882,"date":"2012-09-12T09:35:47","date_gmt":"2012-09-12T07:35:47","guid":{"rendered":"http:\/\/kulturblaettchen.de\/?p=882"},"modified":"2013-10-08T10:57:18","modified_gmt":"2013-10-08T08:57:18","slug":"gelesen-und-fur-gut-befunden-11-09-2012","status":"publish","type":"post","link":"https:\/\/kulturblaettchen.de\/?p=882","title":{"rendered":"Gelesen und f\u00fcr gut befunden: 11.09.2012"},"content":{"rendered":"<p><a title=\"Bettina Wulff, Buch\" href=\"http:\/\/www.berliner-zeitung.de\/politik\/bettina-wulff-biografie-im-falschen-leben,10808018,17209566.html\">Im falschen Leben<\/a>\u00a0(Berliner Zeitung)<\/p>\n<p>Holger Schmale konstruiert aus dem Medienrummel und schlechter Verlagskommunikation ein &#8220;politisch brisantes Buch&#8221;. Macht dann aber eine ganz nette Inhaltsangabe.<\/p>\n<p><a title=\"Bettina Wulff, Buch\" href=\"http:\/\/www.sueddeutsche.de\/panorama\/buch-von-bettina-wulff-gut-platziert-1.1464149\" target=\"_blank\">Gut platziert<\/a>\u00a0(s\u00fcddeutsche.de)<\/p>\n<p>Noch eine inhaltliche Zusammenfassung zu Bettina Wulffs Buch.<\/p>\n<p><a title=\"peter breuer zu google und wulff\" href=\"http:\/\/peterbreuer.me\/2012\/09\/10\/bettina-wulff-mochte-auf-google-andere-vorschlage-sehen-wird-gemacht\/\" target=\"_blank\">Bettina Wulff schmeckt lecker nach H\u00e4hnchen<\/a><\/p>\n<blockquote><p>Warum also nicht eine k\u00fcnstliche Nachfrage nach einem Suchbegriff erzeugen und k\u00fcnstliche Inhalte generieren, die etwas behaupten, was purer Nonsens ist? Und zwar mit so viel L\u00e4rm und Lust am Spiel, dass es die Suchmaschine verwirrt.<\/p><\/blockquote>\n<p><a title=\"K\u00e4rnten\" href=\"http:\/\/derstandard.at\/1345166723121\/Kaernten-16000-Menschen-fordern-Neuwal\" target=\"_blank\">K\u00e4rnten: 16.000 Menschen fordern Neuwahl<\/a><\/p>\n<p>K\u00e4rnten ist, soweit ich das verstanden habe, ein gro\u00dfer politische Sumpf und langsam reicht es auch der Bev\u00f6lkerung.<\/p>\n<p><a href=\"http:\/\/maedchenmannschaft.net\/qualifikation-kinderlos-wuenschenswert-totale-verfuegbarkeit\/\" target=\"_blank\">Qualifikation: kinderlos, w\u00fcnschenswert: totale Verf\u00fcgbarkeit<\/a><\/p>\n<p>Eine Mutter auf Arbeitssuche.<\/p>\n<p><a href=\"http:\/\/www.idw-online.de\/pages\/de\/news495351\" target=\"_blank\">Neue Studie untersucht W\u00e4hlerverhalten<\/a><\/p>\n<p>&nbsp;<\/p>\n<p>Au\u00dferdem habe ich mich durch die letzen 10 Artikel in Antje Schrupps Blog gelesen, da frisch abboniert:<\/p>\n<p><a title=\"Feminismus erkl\u00e4ren\" href=\"http:\/\/antjeschrupp.com\/2012\/08\/13\/kein-bock-mehr\/\" target=\"_blank\">Kein Bock mehr<\/a><\/p>\n<blockquote><p>&#8220;Ist Diskriminierung wirklich so schlimm oder warum versteht Ihr keine Witze&#8221;<\/p><\/blockquote>\n<p><a href=\"http:\/\/antjeschrupp.com\/2012\/09\/03\/kybernetischer-kommunismus-oder-die-unerledigten-visionen-der-shulamith-firestone\/\" target=\"_blank\">Kybernetischer Kommunismus oder: Die unerledigten Visionen der Shulamith\u00a0Firestone<\/a><\/p>\n<blockquote><p>Darin vertritt sie die These, dass weibliche Freiheit erst m\u00f6glich sei, wenn weiblicher K\u00f6rper und Reproduktion, also Schwangerschaft und Kinderkriegen, voneinander getrennt werden: \u201eDer Kern der Unterdr\u00fcckung der Frau ist ihre Rolle als Geb\u00e4rerin.\u201c [\u2026] Ich bin nicht der Ansicht, dass Menschen, die schwanger werden (k\u00f6nnen), anderen gegen\u00fcber notwendigerweise im Nachteil sein m\u00fcssen. Sie sind es nur unter patriarchal infizierten Bedingungen.<\/p><\/blockquote>\n<p><a href=\"http:\/\/antjeschrupp.com\/2012\/09\/10\/morgens-vorm-spiegel\/\" target=\"_blank\">Morgens vorm Spiegel<\/a><\/p>\n<p>Ein weitere Meinung zu #609060. Einer sehr tollen Aktion im Internet, wie ich finde. Eine Linksammlung dazu findet sich bei Journelle: <a href=\"http:\/\/www.journelle.de\/1968\/ein-mem-ist-ein-mem-ist-ein-mem-609060\/\" target=\"_blank\">Ein Mem ist ein Mem ist ein Mem<\/a>\u00a0. Sie hat die Aktion mit einem Artikel auch angesto\u00dfen.<\/p>\n<p>Das ganze ist \u00fcbrigens ein sehr gutes Beispiel f\u00fcr gute, kontroverse aber nicht destruktive Auseinandersetzungen im Internet.<\/p>\n<p><a href=\"http:\/\/antjeschrupp.com\/2012\/08\/15\/von-der-hohen-kunst-kackscheise-zu-sagen-oder-auch-nicht\/\" target=\"_blank\">Von der hohen Kunst, &#8220;Kackschei\u00dfe&#8221; zu sagen oder auch nicht<\/a><\/p>\n","protected":false},"excerpt":{"rendered":"<p>Im falschen Leben\u00a0(Berliner Zeitung) Holger Schmale konstruiert aus dem Medienrummel und schlechter Verlagskommunikation ein &#8220;politisch brisantes Buch&#8221;. Macht dann aber eine ganz nette Inhaltsangabe. Gut platziert\u00a0(s\u00fcddeutsche.de) Noch eine inhaltliche Zusammenfassung zu Bettina Wulffs Buch. Bettina Wulff schmeckt lecker nach H\u00e4hnchen Warum also nicht eine k\u00fcnstliche Nachfrage nach einem Suchbegriff erzeugen und k\u00fcnstliche Inhalte generieren, die [&hellip;]<\/p>\n","protected":false},"author":1,"featured_media":0,"comment_status":"closed","ping_status":"closed","sticky":false,"template":"","format":"standard","meta":{"wprm-recipe-roundup-name":"","wprm-recipe-roundup-description":""},"categories":[102,148,12,289,133],"tags":[309,304,292,306,307,45,146,308,204,300,302,303,301,310,305],"_links":{"self":[{"href":"https:\/\/kulturblaettchen.de\/index.php?rest_route=\/wp\/v2\/posts\/882"}],"collection":[{"href":"https:\/\/kulturblaettchen.de\/index.php?rest_route=\/wp\/v2\/posts"}],"about":[{"href":"https:\/\/kulturblaettchen.de\/index.php?rest_route=\/wp\/v2\/types\/post"}],"author":[{"embeddable":true,"href":"https:\/\/kulturblaettchen.de\/index.php?rest_route=\/wp\/v2\/users\/1"}],"replies":[{"embeddable":true,"href":"https:\/\/kulturblaettchen.de\/index.php?rest_route=%2Fwp%2Fv2%2Fcomments&post=882"}],"version-history":[{"count":3,"href":"https:\/\/kulturblaettchen.de\/index.php?rest_route=\/wp\/v2\/posts\/882\/revisions"}],"predecessor-version":[{"id":2097,"href":"https:\/\/kulturblaettchen.de\/index.php?rest_route=\/wp\/v2\/posts\/882\/revisions\/2097"}],"wp:attachment":[{"href":"https:\/\/kulturblaettchen.de\/index.php?rest_route=%2Fwp%2Fv2%2Fmedia&parent=882"}],"wp:term":[{"taxonomy":"category","embeddable":true,"href":"https:\/\/kulturblaettchen.de\/index.php?rest_route=%2Fwp%2Fv2%2Fcategories&post=882"},{"taxonomy":"post_tag","embeddable":true,"href":"https:\/\/kulturblaettchen.de\/index.php?rest_route=%2Fwp%2Fv2%2Ftags&post=882"}],"curies":[{"name":"wp","href":"https:\/\/api.w.org\/{rel}","templated":true}]}}