{"id":3084,"date":"2024-07-19T23:55:21","date_gmt":"2024-07-19T21:55:21","guid":{"rendered":"https:\/\/kulturblaettchen.de\/?p=3084"},"modified":"2024-07-19T23:55:21","modified_gmt":"2024-07-19T21:55:21","slug":"20bucher-tag-12","status":"publish","type":"post","link":"https:\/\/kulturblaettchen.de\/?p=3084","title":{"rendered":"#20B\u00fccher \u2013 Tag 12"},"content":{"rendered":"\n<p>Auf Mastodon l\u00e4uft gerade die Challenge #20books bzw. #20B\u00fccher. <\/p>\n\n\n\n<blockquote class=\"wp-block-quote\">\n<p>Book Challenge: 20 B\u00fccher, die dich gepr\u00e4gt haben. Ein Buch pro Tag, 20 Tage lang. Keine Erkl\u00e4rungen, keine Bewertungen, nur Buchcover.<\/p>\n<\/blockquote>\n\n\n\n<p><a href=\"https:\/\/kulturblaettchen.de\/?p=3030\" target=\"_blank\" rel=\"noreferrer noopener\">Tag 1<\/a>, <a href=\"https:\/\/kulturblaettchen.de\/?p=3036\">Tag 2<\/a>, <a href=\"https:\/\/kulturblaettchen.de\/?p=3040\">Tag 3<\/a>, <a href=\"https:\/\/kulturblaettchen.de\/?p=3045\">Tag 4<\/a>, <a href=\"https:\/\/kulturblaettchen.de\/?p=3049\">Tag 5<\/a>, <a href=\"https:\/\/kulturblaettchen.de\/?p=3057\">Tag 6<\/a>, <a href=\"https:\/\/kulturblaettchen.de\/?p=3062\">Tag 7<\/a>, <a href=\"https:\/\/kulturblaettchen.de\/?p=3066\">Tag 8<\/a>, <a href=\"https:\/\/kulturblaettchen.de\/?p=3069\">Tag 9<\/a>, <a href=\"https:\/\/kulturblaettchen.de\/?p=3073\">Tag 10<\/a>, <a href=\"https:\/\/kulturblaettchen.de\/?p=3080\">Tag 11<\/a><\/p>\n\n\n\n<p>Zur Halbzeit f\u00e4llt mir ein, dass ich ja eigentlich auch auf meinen Mastodonthread verlinken k\u00f6nnte: <a href=\"https:\/\/mastodon.earth\/@lisseuse\/112713279069515650\">#20B\u00fccher von Lisseuse<\/a><\/p>\n\n\n\n<h2 class=\"wp-block-heading\">Tag 12:<\/h2>\n\n\n\n<figure class=\"wp-block-image size-large\"><img decoding=\"async\" loading=\"lazy\" width=\"847\" height=\"1024\" src=\"https:\/\/kulturblaettchen.de\/wp-content\/uploads\/2024\/07\/img_2151-847x1024.jpg\" class=\"wp-image-3086\" srcset=\"https:\/\/kulturblaettchen.de\/wp-content\/uploads\/2024\/07\/img_2151-847x1024.jpg 847w, https:\/\/kulturblaettchen.de\/wp-content\/uploads\/2024\/07\/img_2151-248x300.jpg 248w, https:\/\/kulturblaettchen.de\/wp-content\/uploads\/2024\/07\/img_2151-768x929.jpg 768w, https:\/\/kulturblaettchen.de\/wp-content\/uploads\/2024\/07\/img_2151-1270x1536.jpg 1270w, https:\/\/kulturblaettchen.de\/wp-content\/uploads\/2024\/07\/img_2151-624x755.jpg 624w, https:\/\/kulturblaettchen.de\/wp-content\/uploads\/2024\/07\/img_2151.jpg 1654w\" sizes=\"(max-width: 847px) 100vw, 847px\" \/><\/figure>\n\n\n\n<p>Ich glaube, ich habe schon \u00fcber meine Liebe zu bildungsb\u00fcrgerlichen Snobismus geschrieben. Jedenfalls geh\u00f6re ich zu den Menschen, die in der Schule irgendwann alle Lekt\u00fcre l\u00e4ngst freiwillig gelesen hatten \u2013 und au\u00dferdem halt auch den Rest des KANONS. Vermutlich so 2004 war ich mit meiner Gro\u00dftante exzessiv bei den Freilichtauff\u00fchrungen von Schillers <em>Wallenstein<\/em> bei den Altdorfer Wallensteinfestspielen. Ich hatte solchen Spa\u00df, dass ich hinterher das Drama mit allen drei Teilen freiwillig gelesen habe. Zu Weihnachten habe ich dann diese wundersch\u00f6ne, antiquarische in blaues Leder gebundene Schiller-Ausgabe mit Goldpr\u00e4gung zu Weihnachten bekommen. Und mich riesig dar\u00fcber gefreut. Und sie gelesen. Naja nicht ganz, ich war mit 16 nicht bereit f\u00fcr die theoretischen Schriften Schillers. Das kam dann sp\u00e4ter im Studium, wo ich sogar das gro\u00dfe Gl\u00fcck hatte, f\u00fcr 14 Tage in Weimar zum Sommerkurs fahren zu d\u00fcrfen und mich mit anderen Germanistik Nerds den ganzen Tag mit der Weimarer Klassik besch\u00e4ftigen zu d\u00fcrfen. Das hat gro\u00dfen Spa\u00df gemacht. Gleichzeitig habe ich mich aber auch weiterentwickelt und zunehmend den Glauben an DEN KANON verloren. Eine gro\u00dfe Rolle dabei spielt nach wie vor <a href=\"https:\/\/frohmannverlag.de\/blogs\/frohmann\">Frau Frohmann<\/a>. Das Witzige daran ist, dass ich ihr Denken als super aufkl\u00e4rerisch empfinde, womit sie f\u00fcr mich in genau dieser klassischen Denktradition steht, die durch ihr Denken kritisiert und weiterentwickelt wird.<\/p>\n\n\n\n<figure class=\"wp-block-image size-large\"><img decoding=\"async\" loading=\"lazy\" width=\"218\" height=\"300\" src=\"https:\/\/kulturblaettchen.de\/wp-content\/uploads\/2024\/07\/img_0007-1-218x300.jpg\" class=\"wp-image-3087\" srcset=\"https:\/\/kulturblaettchen.de\/wp-content\/uploads\/2024\/07\/img_0007-1-218x300.jpg 218w, https:\/\/kulturblaettchen.de\/wp-content\/uploads\/2024\/07\/img_0007-1.jpg 364w\" sizes=\"(max-width: 218px) 100vw, 218px\" \/><figcaption class=\"wp-element-caption\"><a href=\"https:\/\/mastodon.art\/@PGExplaining\">Pr\u00e4raffaelitische Girls erkl\u00e4ren<\/a><\/figcaption><\/figure>\n","protected":false},"excerpt":{"rendered":"<p>Auf Mastodon l\u00e4uft gerade die Challenge #20books bzw. #20B\u00fccher. Book Challenge: 20 B\u00fccher, die dich gepr\u00e4gt haben. Ein Buch pro Tag, 20 Tage lang. Keine Erkl\u00e4rungen, keine Bewertungen, nur Buchcover. Tag 1, Tag 2, Tag 3, Tag 4, Tag 5, Tag 6, Tag 7, Tag 8, Tag 9, Tag 10, Tag 11 Zur Halbzeit f\u00e4llt [&hellip;]<\/p>\n","protected":false},"author":1,"featured_media":0,"comment_status":"closed","ping_status":"open","sticky":false,"template":"","format":"standard","meta":{"wprm-recipe-roundup-name":"","wprm-recipe-roundup-description":""},"categories":[74,13],"tags":[],"_links":{"self":[{"href":"https:\/\/kulturblaettchen.de\/index.php?rest_route=\/wp\/v2\/posts\/3084"}],"collection":[{"href":"https:\/\/kulturblaettchen.de\/index.php?rest_route=\/wp\/v2\/posts"}],"about":[{"href":"https:\/\/kulturblaettchen.de\/index.php?rest_route=\/wp\/v2\/types\/post"}],"author":[{"embeddable":true,"href":"https:\/\/kulturblaettchen.de\/index.php?rest_route=\/wp\/v2\/users\/1"}],"replies":[{"embeddable":true,"href":"https:\/\/kulturblaettchen.de\/index.php?rest_route=%2Fwp%2Fv2%2Fcomments&post=3084"}],"version-history":[{"count":2,"href":"https:\/\/kulturblaettchen.de\/index.php?rest_route=\/wp\/v2\/posts\/3084\/revisions"}],"predecessor-version":[{"id":3088,"href":"https:\/\/kulturblaettchen.de\/index.php?rest_route=\/wp\/v2\/posts\/3084\/revisions\/3088"}],"wp:attachment":[{"href":"https:\/\/kulturblaettchen.de\/index.php?rest_route=%2Fwp%2Fv2%2Fmedia&parent=3084"}],"wp:term":[{"taxonomy":"category","embeddable":true,"href":"https:\/\/kulturblaettchen.de\/index.php?rest_route=%2Fwp%2Fv2%2Fcategories&post=3084"},{"taxonomy":"post_tag","embeddable":true,"href":"https:\/\/kulturblaettchen.de\/index.php?rest_route=%2Fwp%2Fv2%2Ftags&post=3084"}],"curies":[{"name":"wp","href":"https:\/\/api.w.org\/{rel}","templated":true}]}}