{"id":2991,"date":"2023-04-05T23:00:42","date_gmt":"2023-04-05T21:00:42","guid":{"rendered":"https:\/\/kulturblaettchen.de\/?p=2991"},"modified":"2023-04-05T23:19:30","modified_gmt":"2023-04-05T21:19:30","slug":"frankfurter-goethe-haus-und-deutsches-romantik-museum","status":"publish","type":"post","link":"https:\/\/kulturblaettchen.de\/?p=2991","title":{"rendered":"Frankfurter Goethe-Haus und Deutsches Romantik-Museum"},"content":{"rendered":"\n<p>Wer in Frankfurt ist und Germanistik studiert hat, muss doch ins Goethe-Haus \u2013 sagt mein Mann.<\/p>\n\n\n\n<p>Wer in Frankfurt ist und im Job ein Museum f\u00fcr einen Komponisten konzipiert, muss in jedes Haus \u00fcber nicht-bildende K\u00fcnstler, die es gibt, um rauszufinden, wie man Musik und Literatur am besten in einer Ausstellung vermittelt \u2013 sage ich.<\/p>\n\n\n\n<p>Das Frankfurter Goethe-Haus macht es sich einfach. Vermittelt wird nicht viel, man schlendert durch die beeindruckenden vier Stockwerke des gro\u00dfen B\u00fcrgerhauses, in dem Johann Wolfgang Goethe geboren und aufgewachsen ist. Ich musste mich die ganze Zeit fragen, ob wohl die M\u00f6bel Originale sind (und wenn nicht, wo sie wohl herkommen) und ob von den Goethes niemand jemals geschlafen hat \u2013 Betten finden sich jedenfalls in keinem der vielen Zimmer.<\/p>\n\n\n\n<p>Mehr zu sehen gibt es schon im neuer\u00f6ffneten Deutschen Romantik-Museum. An Geld scheint es den Ausstellungsmacher*innen jedenfalls nicht gefehlt zu haben. Schon das Treppenhaus ist beeindruckend.<\/p>\n\n\n\n<figure class=\"wp-block-image size-full\"><a href=\"https:\/\/kulturblaettchen.de\/wp-content\/uploads\/2023\/04\/IMG_7744-Mittel.jpeg\"><img decoding=\"async\" loading=\"lazy\" width=\"480\" height=\"640\" src=\"https:\/\/kulturblaettchen.de\/wp-content\/uploads\/2023\/04\/IMG_7744-Mittel.jpeg\" alt=\"Treppenhaus des Deutschen Romantik-Museums: Von unten sieht man \u00fcber drei Stockwerke SEHR viele Stufen, die mit braun-grauen Steinen geflie\u00dft sind. Von den Seiten f\u00e4llt immer wieder Licht durch Durchg\u00e4nge ins Treppenhaus. Ganz oben wird es besonders hell \u2013 wie durch eine Aura.\" class=\"wp-image-2998\" srcset=\"https:\/\/kulturblaettchen.de\/wp-content\/uploads\/2023\/04\/IMG_7744-Mittel.jpeg 480w, https:\/\/kulturblaettchen.de\/wp-content\/uploads\/2023\/04\/IMG_7744-Mittel-225x300.jpeg 225w\" sizes=\"(max-width: 480px) 100vw, 480px\" \/><\/a><\/figure>\n\n\n\n<p>Im ersten Stock ist die Gem\u00e4ldesammlung (oder zumindest ein Teil davon) des Freien Deutschen Hochstifts ausgestellt. Der Fokus liegt auf Kunst, die Goethe in seiner Kindheit und Jugend gekannt hat. Ich war nicht zum Vergn\u00fcgen da und hatte nicht mehr viel Zeit bis Schlie\u00dfung \u2013 also bin ich eher durchgeeilt als mich genauer damit zu befassen.<\/p>\n\n\n\n<h2 class=\"wp-block-heading\">Im zweiten und dritten Stock dann: <em>Romantik<\/em>.<\/h2>\n\n\n\n<p>[Wenn ich Zeit und Lust h\u00e4tte, w\u00fcrde ich JETZT herausfinden, wie ich im neuen WordPress die Schriftart ver\u00e4ndern kann, hier m\u00fcsste ja wohl mal was verschn\u00f6rkeltes stehen. Und wenn ich weiter Zeit und Lust h\u00e4tte, w\u00fcrde ich rausfinden, wie das Fu\u00dfnoten-Plugin funktioniert bzw. warum nicht. Aber meine Leser*innen haben ja bestimmt Phantasie.]<\/p>\n\n\n\n<figure class=\"wp-block-image size-full\"><a href=\"https:\/\/kulturblaettchen.de\/wp-content\/uploads\/2023\/04\/IMG_7746-Mittel.jpeg\"><img decoding=\"async\" loading=\"lazy\" width=\"480\" height=\"640\" src=\"https:\/\/kulturblaettchen.de\/wp-content\/uploads\/2023\/04\/IMG_7746-Mittel.jpeg\" alt=\"Eine der typischen Stationen im Deuschen Romantik-Museum: Ein nachgebautes Stehpult unter dessen Klappe ein Original lichtgesch\u00fctzt liegt, links ein Schreibtisch-Element mit Schubladen, rechts ein Schreibtisch-Element mit Ausstellungstexten.\" class=\"wp-image-2999\" srcset=\"https:\/\/kulturblaettchen.de\/wp-content\/uploads\/2023\/04\/IMG_7746-Mittel.jpeg 480w, https:\/\/kulturblaettchen.de\/wp-content\/uploads\/2023\/04\/IMG_7746-Mittel-225x300.jpeg 225w\" sizes=\"(max-width: 480px) 100vw, 480px\" \/><\/a><\/figure>\n\n\n\n<p>Die Ausstellung hangelt sich haupts\u00e4chlich entlang der wichtigen Vertreter*innen (ja, Sophie Mereau, Karoline von G\u00fcnderrode und Bettina von Arnim bekommen Stationen, nein ich werde keinen der M\u00e4nner namentlich erw\u00e4hnen. Aber hier habe ich schon mal mehr zu Frauen der Klassik und Romantik geschrieben: <a href=\"https:\/\/kulturblaettchen.de\/?p=884\">Schreiben, um zu leben<\/a>, <a href=\"https:\/\/kulturblaettchen.de\/?p=896\">Leben und schreiben<\/a>, <a href=\"https:\/\/kulturblaettchen.de\/?p=901\">Leben, um zu schreiben<\/a>). Ein weiteres Gliederungselement sind Themen der Romantik (Waldeinsamkeit voll blauer Blumen oder so). Das zentrale Vermittlungselement jeder Station ist ein dreiteiliges Schreibpult, das als lichtreduzierte Vitrine f\u00fcr die Originale dient. Immer wieder gibt es QR-Codes und Hinweise f\u00fcr den Audioguide \u2013 beides wegen Zeitmangel nicht ausprobiert. Ich habe nicht gez\u00e4hlt, aber mir waren es definitiv zu viele Stationen, zu viel Text und zu viel Ger\u00e4uschkulisse. Immer wieder gibt es Soundinstallationen, die eines der Themen verdeutlichen \u2013 nicht alle davon werden \u00fcber Bewegungsmelder ausgel\u00f6st.<\/p>\n\n\n\n<h2 class=\"wp-block-heading\">Warum kommt die spannendste Station eigentlich zu Letzt?<\/h2>\n\n\n\n<figure class=\"wp-block-image size-full\"><a href=\"https:\/\/kulturblaettchen.de\/wp-content\/uploads\/2023\/04\/IMG_7748-Mittel.jpeg\"><img decoding=\"async\" loading=\"lazy\" width=\"480\" height=\"640\" src=\"https:\/\/kulturblaettchen.de\/wp-content\/uploads\/2023\/04\/IMG_7748-Mittel.jpeg\" alt=\"Platten mit Notenskizzen und Bildern f\u00fcr eine Medienstation.\" class=\"wp-image-3002\" srcset=\"https:\/\/kulturblaettchen.de\/wp-content\/uploads\/2023\/04\/IMG_7748-Mittel.jpeg 480w, https:\/\/kulturblaettchen.de\/wp-content\/uploads\/2023\/04\/IMG_7748-Mittel-225x300.jpeg 225w\" sizes=\"(max-width: 480px) 100vw, 480px\" \/><\/a><\/figure>\n\n\n\n<figure class=\"wp-block-image size-full\"><a href=\"https:\/\/kulturblaettchen.de\/wp-content\/uploads\/2023\/04\/IMG_7752-Mittel.jpeg\"><img decoding=\"async\" loading=\"lazy\" width=\"640\" height=\"480\" src=\"https:\/\/kulturblaettchen.de\/wp-content\/uploads\/2023\/04\/IMG_7752-Mittel.jpeg\" alt=\"Medienstation zur Komposition eines romantischen Schumann-Liedes.\" class=\"wp-image-3001\" srcset=\"https:\/\/kulturblaettchen.de\/wp-content\/uploads\/2023\/04\/IMG_7752-Mittel.jpeg 640w, https:\/\/kulturblaettchen.de\/wp-content\/uploads\/2023\/04\/IMG_7752-Mittel-300x225.jpeg 300w, https:\/\/kulturblaettchen.de\/wp-content\/uploads\/2023\/04\/IMG_7752-Mittel-624x468.jpeg 624w\" sizes=\"(max-width: 640px) 100vw, 640px\" \/><\/a><\/figure>\n\n\n\n<p>Die f\u00fcr mich spannendste Station kam ganz oben, ganz hinten im dritten Stock, als ich noch 20 Minuten Zeit hatte \u2013 gebraucht h\u00e4tte ich vermutlich 60. Eine Medienstation vermittelt, wie Schumann ein romantisches Gedicht vertont. Es k\u00f6nnen 6 oder 7 Platten mit unterschiedlichen Motiven ausgew\u00e4hlt und auf das Pult gelegt werden \u2013 dann starte automatisch die Medienstation mit Beamer und Text \u00fcber die Kopfh\u00f6rer. Ich habe eine Notenskizze gew\u00e4hlt, aber es gab auch Illustrationen, einen Partiturauszug oder Gedichtbeispiele. (Ich vermute und hoffe, dass man so den Entstehungsprozess von der Gedichtauswahl bis zum fertig gedruckten Notenexemplar nachvollziehen kann.) Die Erz\u00e4hler*in erkl\u00e4ren, was zu sehen ist, bringen Anekdoten, schl\u00fcsseln auf wie das St\u00fcck entsteht. Es werden H\u00f6rbeispiele eingespielt, die die sichtbaren Noten auch h\u00f6rbar machen und per Lichtpunkten werden die Erl\u00e4uterungen nachvollziehbar gemacht. Man kann Pausieren, vor- und zur\u00fcckspringen, zwischendrin sogar ein Erkl\u00e4rmen\u00fc \u00f6ffnen \u2013 nur den Lautst\u00e4rkeregler habe ich nicht gefunden.<\/p>\n\n\n\n<p>Es ist eine der beeindruckendsten Stationen zur Entstehung von Musik, die ich bisher gesehen habe und ich hoffe sehr, dass die Konzeptionist*innen und Gestalter*innen demn\u00e4chst in Musikermuseen arbeiten.<\/p>\n\n\n\n<div class=\"wp-block-group is-layout-constrained\"><div class=\"wp-block-group__inner-container\">\n<p><a href=\"https:\/\/deutsches-romantik-museum.de\/besuch\/\">\u00d6ffnungszeiten und Einritt<\/a>; ich war dank Mitgliedschaft im Museumsbund umsonst in der Ausstellung.<\/p>\n<\/div><\/div>\n","protected":false},"excerpt":{"rendered":"<p>Wer in Frankfurt ist und Germanistik studiert hat, muss doch ins Goethe-Haus \u2013 sagt mein Mann. Wer in Frankfurt ist und im Job ein Museum f\u00fcr einen Komponisten konzipiert, muss in jedes Haus \u00fcber nicht-bildende K\u00fcnstler, die es gibt, um rauszufinden, wie man Musik und Literatur am besten in einer Ausstellung vermittelt \u2013 sage ich. [&hellip;]<\/p>\n","protected":false},"author":1,"featured_media":0,"comment_status":"open","ping_status":"open","sticky":false,"template":"","format":"standard","meta":{"wprm-recipe-roundup-name":"","wprm-recipe-roundup-description":""},"categories":[46,58,65,11,151],"tags":[168,906,156,831],"_links":{"self":[{"href":"https:\/\/kulturblaettchen.de\/index.php?rest_route=\/wp\/v2\/posts\/2991"}],"collection":[{"href":"https:\/\/kulturblaettchen.de\/index.php?rest_route=\/wp\/v2\/posts"}],"about":[{"href":"https:\/\/kulturblaettchen.de\/index.php?rest_route=\/wp\/v2\/types\/post"}],"author":[{"embeddable":true,"href":"https:\/\/kulturblaettchen.de\/index.php?rest_route=\/wp\/v2\/users\/1"}],"replies":[{"embeddable":true,"href":"https:\/\/kulturblaettchen.de\/index.php?rest_route=%2Fwp%2Fv2%2Fcomments&post=2991"}],"version-history":[{"count":2,"href":"https:\/\/kulturblaettchen.de\/index.php?rest_route=\/wp\/v2\/posts\/2991\/revisions"}],"predecessor-version":[{"id":3003,"href":"https:\/\/kulturblaettchen.de\/index.php?rest_route=\/wp\/v2\/posts\/2991\/revisions\/3003"}],"wp:attachment":[{"href":"https:\/\/kulturblaettchen.de\/index.php?rest_route=%2Fwp%2Fv2%2Fmedia&parent=2991"}],"wp:term":[{"taxonomy":"category","embeddable":true,"href":"https:\/\/kulturblaettchen.de\/index.php?rest_route=%2Fwp%2Fv2%2Fcategories&post=2991"},{"taxonomy":"post_tag","embeddable":true,"href":"https:\/\/kulturblaettchen.de\/index.php?rest_route=%2Fwp%2Fv2%2Ftags&post=2991"}],"curies":[{"name":"wp","href":"https:\/\/api.w.org\/{rel}","templated":true}]}}