{"id":296,"date":"2011-08-02T22:19:02","date_gmt":"2011-08-02T20:19:02","guid":{"rendered":"http:\/\/kulturblaettchen.de\/?p=296"},"modified":"2013-09-30T20:11:07","modified_gmt":"2013-09-30T18:11:07","slug":"sommertraume-oder-20-ein-bild-das-du-gerne-in-deiner-wohnung-hattest","status":"publish","type":"post","link":"https:\/\/kulturblaettchen.de\/?p=296","title":{"rendered":"Sommertr\u00e4ume oder 20. Ein Bild, das du gerne in deiner Wohnung h\u00e4ttest"},"content":{"rendered":"<div style=\"width: 461px\" class=\"wp-caption aligncenter\"><img decoding=\"async\" loading=\"lazy\" class=\" \" title=\"Francesco Guardi: Die Rialtobr\u00fccke mit Weinufer\" src=\"http:\/\/images.zeno.org\/Kunstwerke\/I\/big\/77k129a.jpg\" alt=\"Francesco Guardi: Die Rialtobr\u00fccke mit Weinufer (via zeno.org)\" width=\"451\" height=\"289\" \/><p class=\"wp-caption-text\">Francesco Guardi: Die Rialtobr\u00fccke mit Weinufer (via zeno.org)<\/p><\/div>\n<p><span style=\"text-align: left;\">Blaue Himmelweite, die nur wenig durch die venezianische Rialtobr\u00fccke abgegrenzt wird vom kaum dunkelblauen Kanalwassers. Es dominieren helle Farbt\u00f6ne, die einen die W\u00e4rme f\u00fchlbar machen. Im Vordergrund die Gondolieri, die aber trotz ihrer Vielzahl keine gro\u00dfe Unruhe in das Bild bringen.<\/span><\/p>\n<p style=\"text-align: left;\">Francesco Guardi, selbst in Venedig geboren, malte eigentlich vorwiegend historische und religi\u00f6se Motive. 1760 entstand der Bildtitel &#8220;Der Canal Grande bei San Geremia&#8221;, bei dem er sich noch sehr an seinem Vorbild und Lehrer Giovanni Antonio Canaletto orientierte, sp\u00e4ter aber seine eigene Formensprache in der Vedutenmalerei fand. Sein Hauptmotiv war Venedig.<\/p>\n<p style=\"text-align: left;\">Eigentlich k\u00f6nnte man meinen, dass die Vedutenmalerei sprich die Stadtlandschaftsmalerei schon so inflationn\u00e4r oft dargestellt worden ist, dass man sie als Bildbetrachter nur mehr streifend sieht, aber nicht mehr im eigentlichen Sinne wahrnimmt. Das sch\u00f6ne an solch ruhigen Bildern aber ist, dass sie in R\u00e4umen aufgeh\u00e4ngt, auch als Ruhepunkt fungieren k\u00f6nnen. Das Auge kann sich auf den blauen Achsen von Himmel und Kanal ausruhen, wobei man zugleich in Urlaubserinnerungen in Italien abtaucht&#8230; und so f\u00fcnf Minuten gedanklichen Kurzurlaub macht.<\/p>\n<p style=\"text-align: left;\">In echt im <a href=\"http:\/\/www.augustins.org\/intro\/accueil_gb.htm\" target=\"_blank\">Mus\u00e9e des Augustins in Toulouse<\/a> zu sehen.<\/p>\n","protected":false},"excerpt":{"rendered":"<p>Blaue Himmelweite, die nur wenig durch die venezianische Rialtobr\u00fccke abgegrenzt wird vom kaum dunkelblauen Kanalwassers. Es dominieren helle Farbt\u00f6ne, die einen die W\u00e4rme f\u00fchlbar machen. Im Vordergrund die Gondolieri, die aber trotz ihrer Vielzahl keine gro\u00dfe Unruhe in das Bild bringen. Francesco Guardi, selbst in Venedig geboren, malte eigentlich vorwiegend historische und religi\u00f6se Motive. 1760 [&hellip;]<\/p>\n","protected":false},"author":4,"featured_media":0,"comment_status":"closed","ping_status":"closed","sticky":false,"template":"","format":"standard","meta":{"wprm-recipe-roundup-name":"","wprm-recipe-roundup-description":""},"categories":[66,58],"tags":[],"_links":{"self":[{"href":"https:\/\/kulturblaettchen.de\/index.php?rest_route=\/wp\/v2\/posts\/296"}],"collection":[{"href":"https:\/\/kulturblaettchen.de\/index.php?rest_route=\/wp\/v2\/posts"}],"about":[{"href":"https:\/\/kulturblaettchen.de\/index.php?rest_route=\/wp\/v2\/types\/post"}],"author":[{"embeddable":true,"href":"https:\/\/kulturblaettchen.de\/index.php?rest_route=\/wp\/v2\/users\/4"}],"replies":[{"embeddable":true,"href":"https:\/\/kulturblaettchen.de\/index.php?rest_route=%2Fwp%2Fv2%2Fcomments&post=296"}],"version-history":[{"count":13,"href":"https:\/\/kulturblaettchen.de\/index.php?rest_route=\/wp\/v2\/posts\/296\/revisions"}],"predecessor-version":[{"id":2022,"href":"https:\/\/kulturblaettchen.de\/index.php?rest_route=\/wp\/v2\/posts\/296\/revisions\/2022"}],"wp:attachment":[{"href":"https:\/\/kulturblaettchen.de\/index.php?rest_route=%2Fwp%2Fv2%2Fmedia&parent=296"}],"wp:term":[{"taxonomy":"category","embeddable":true,"href":"https:\/\/kulturblaettchen.de\/index.php?rest_route=%2Fwp%2Fv2%2Fcategories&post=296"},{"taxonomy":"post_tag","embeddable":true,"href":"https:\/\/kulturblaettchen.de\/index.php?rest_route=%2Fwp%2Fv2%2Ftags&post=296"}],"curies":[{"name":"wp","href":"https:\/\/api.w.org\/{rel}","templated":true}]}}