{"id":2916,"date":"2018-11-16T12:49:56","date_gmt":"2018-11-16T11:49:56","guid":{"rendered":"http:\/\/kulturblaettchen.de\/?p=2916"},"modified":"2018-11-16T12:50:04","modified_gmt":"2018-11-16T11:50:04","slug":"wieder-mehr-bloggen","status":"publish","type":"post","link":"https:\/\/kulturblaettchen.de\/?p=2916","title":{"rendered":"Wieder mehr bloggen?"},"content":{"rendered":"<p>Seit <del>Wochen<\/del> Monaten will ich wieder versuchen regelm\u00e4\u00dfiger zu bloggen. Mit dem neuen Job kommt mehr Freizeit einher, weil alles besser organisiert ist und ich nicht mehr f\u00fcr andere mitarbeiten muss. Ich lebe pl\u00f6tzlich im Gro\u00dfraum M\u00fcnchen mit einem riesigen kulturellen Angebot. Es w\u00e4re also genug zu berichten.<\/p>\n<p>Aber dann war da die DSGVO und die Unlust irgendwas dazu zu machen \u2026 Aber jetzt hab ich Urlaub und endlich mal Zeit mich um Technisches zu k\u00fcmmern. Dieses Blog gibt es in Zukunft also auch mit Datenschutzerkl\u00e4rung und aktualisiertem Impressum.<\/p>\n","protected":false},"excerpt":{"rendered":"<p>Seit Wochen Monaten will ich wieder versuchen regelm\u00e4\u00dfiger zu bloggen. Mit dem neuen Job kommt mehr Freizeit einher, weil alles besser organisiert ist und ich nicht mehr f\u00fcr andere mitarbeiten muss. Ich lebe pl\u00f6tzlich im Gro\u00dfraum M\u00fcnchen mit einem riesigen kulturellen Angebot. Es w\u00e4re also genug zu berichten. Aber dann war da die DSGVO und [&hellip;]<\/p>\n","protected":false},"author":1,"featured_media":0,"comment_status":"open","ping_status":"open","sticky":false,"template":"","format":"standard","meta":{"wprm-recipe-roundup-name":"","wprm-recipe-roundup-description":""},"categories":[1],"tags":[],"_links":{"self":[{"href":"https:\/\/kulturblaettchen.de\/index.php?rest_route=\/wp\/v2\/posts\/2916"}],"collection":[{"href":"https:\/\/kulturblaettchen.de\/index.php?rest_route=\/wp\/v2\/posts"}],"about":[{"href":"https:\/\/kulturblaettchen.de\/index.php?rest_route=\/wp\/v2\/types\/post"}],"author":[{"embeddable":true,"href":"https:\/\/kulturblaettchen.de\/index.php?rest_route=\/wp\/v2\/users\/1"}],"replies":[{"embeddable":true,"href":"https:\/\/kulturblaettchen.de\/index.php?rest_route=%2Fwp%2Fv2%2Fcomments&post=2916"}],"version-history":[{"count":1,"href":"https:\/\/kulturblaettchen.de\/index.php?rest_route=\/wp\/v2\/posts\/2916\/revisions"}],"predecessor-version":[{"id":2919,"href":"https:\/\/kulturblaettchen.de\/index.php?rest_route=\/wp\/v2\/posts\/2916\/revisions\/2919"}],"wp:attachment":[{"href":"https:\/\/kulturblaettchen.de\/index.php?rest_route=%2Fwp%2Fv2%2Fmedia&parent=2916"}],"wp:term":[{"taxonomy":"category","embeddable":true,"href":"https:\/\/kulturblaettchen.de\/index.php?rest_route=%2Fwp%2Fv2%2Fcategories&post=2916"},{"taxonomy":"post_tag","embeddable":true,"href":"https:\/\/kulturblaettchen.de\/index.php?rest_route=%2Fwp%2Fv2%2Ftags&post=2916"}],"curies":[{"name":"wp","href":"https:\/\/api.w.org\/{rel}","templated":true}]}}