{"id":2886,"date":"2018-03-05T20:39:06","date_gmt":"2018-03-05T19:39:06","guid":{"rendered":"http:\/\/kulturblaettchen.de\/?p=2886"},"modified":"2018-03-05T20:39:06","modified_gmt":"2018-03-05T19:39:06","slug":"wochenruckblick-kw-8-und-9","status":"publish","type":"post","link":"https:\/\/kulturblaettchen.de\/?p=2886","title":{"rendered":"Wochenr\u00fcckblick KW 8 und 9"},"content":{"rendered":"<p>Na, das klappt ja super, mit dem regelm\u00e4\u00dfigen Bloggen. Gerade mal 7 Wochen habe ich durchgehalten. Das vorletzte Wochenende war ich dann auch Sonntag Abend noch zuhause bei meinem Freund und schon schaffe ich es nicht mehr mich hinzusetzten und zu schreiben.<\/p>\n<p>Aber eigentlich geh\u00f6ren beide Wochen eh zusammen, ich hatte n\u00e4mlich von Mittwoch bis Dienstag sozusagen forschungsfrei und durfte in\u00a0der Bibliothek der Heimatuni statt im B\u00fcro arbeiten. Leider war der Zeitpunkt nicht ganz ideal: von Mitte der Woche bis Mitte der Woche und das mit einer langen Autobahnfahrt verbunden. Da ich Dienstag kam ich wegen\u00a0unendlicher noch zu besprechender Dinge erst sehr sp\u00e4t los und also noch viel sp\u00e4ter an. Immerhin konnte ich auf der Autofahrt endlich &#8220;Qualityland&#8221; von Mark-Uwe Kling zu Ende h\u00f6ren. Bei dieser Dystopie muss man zwar die ganze Zeit schallend lachen, aber eigentlich m\u00f6chte man doch nur weinen. Kling extrapoliert ja im Prinzip nur s\u00e4mtliche (technische) Zust\u00e4nde, wie sie heute sind \u2013 ich glaube nicht, dass das der tats\u00e4chlichen gesellschaftlichen Entwicklung entspricht. Denn denn f\u00fcr mein Gef\u00fchl vernachl\u00e4ssigt er die zu bef\u00fcrchtenden gesellschaftlichen Entwicklungen immer weiter nach rechts, die den \u00dcberwachungsstaat dann doch noch mal anders aussehen lassen. Aber vielleicht irren wir, die wir solches bef\u00fcrchten auch, und tats\u00e4chlich werden einfach nur die Konzerne unser Leben bestimmen und Politik wird weiter zur reinen Show ohne echten Einfluss verkommen.<\/p>\n<p>Jedenfalls \u2013 zur\u00fcck zum Wochenbericht \u2013 durfte ich einige Tage in der Bibliothek verbringen, was wundersch\u00f6n war. Leider fehlt im B\u00fcro ja momentan die Zeit und die Ruhe, mal konzentriert am St\u00fcck zu lesen, zu denken, zu schreiben. Als ich nach 4 Tagen endlich wieder in einem Rhythmus war \u2013 ach wie sch\u00f6n war das und wie sehr vermisse ich dieses selbstbestimmte Arbeiten!<\/p>\n<p>Am Wochenende Besuch bei den Schwiegereltern \u2013 leider ist das immer etwas kompliziert. Daf\u00fcr gibt es in Braunschweig aber auch einen Englischen Laden und kurz vor knapp haben wir es am Samstag doch noch dort rein geschafft: CLOTTED CREAM, Orangenmarmelade \u2013 kleiner Kaufrausch. Und immer wenn ich Marmalade sage, schreibe oder denke das Paddington-Zitat im Kopf: &#8220;A marmalade sandwich holds all the vitamins and nutritiens a young bear needs.&#8221;<\/p>\n<p>Die KW 9 war dann vor allem davon gepr\u00e4gt, dass ich ab Mittwoch Mittag mit Fieber schlafend im Bett lag \u2013 wozu auch immer ich Dienstag Abend noch 5 Stunden auf der A7 rumgegondelt bin. Immerhin bekam sie trotzdem einen guten Abschluss: englischer Cream tea inklusive Scones, frisch gekaufter Clotted Cream und Gurkensandwiches bei\u00a0der besten kleinen Schwester, mit den Eltern und meiner wunderbaren Oma.<\/p>\n","protected":false},"excerpt":{"rendered":"<p>Na, das klappt ja super, mit dem regelm\u00e4\u00dfigen Bloggen. Gerade mal 7 Wochen habe ich durchgehalten. Das vorletzte Wochenende war ich dann auch Sonntag Abend noch zuhause bei meinem Freund und schon schaffe ich es nicht mehr mich hinzusetzten und zu schreiben. Aber eigentlich geh\u00f6ren beide Wochen eh zusammen, ich hatte n\u00e4mlich von Mittwoch bis [&hellip;]<\/p>\n","protected":false},"author":1,"featured_media":0,"comment_status":"open","ping_status":"open","sticky":false,"template":"","format":"standard","meta":{"wprm-recipe-roundup-name":"","wprm-recipe-roundup-description":""},"categories":[102,148,901,33,34],"tags":[],"_links":{"self":[{"href":"https:\/\/kulturblaettchen.de\/index.php?rest_route=\/wp\/v2\/posts\/2886"}],"collection":[{"href":"https:\/\/kulturblaettchen.de\/index.php?rest_route=\/wp\/v2\/posts"}],"about":[{"href":"https:\/\/kulturblaettchen.de\/index.php?rest_route=\/wp\/v2\/types\/post"}],"author":[{"embeddable":true,"href":"https:\/\/kulturblaettchen.de\/index.php?rest_route=\/wp\/v2\/users\/1"}],"replies":[{"embeddable":true,"href":"https:\/\/kulturblaettchen.de\/index.php?rest_route=%2Fwp%2Fv2%2Fcomments&post=2886"}],"version-history":[{"count":1,"href":"https:\/\/kulturblaettchen.de\/index.php?rest_route=\/wp\/v2\/posts\/2886\/revisions"}],"predecessor-version":[{"id":2887,"href":"https:\/\/kulturblaettchen.de\/index.php?rest_route=\/wp\/v2\/posts\/2886\/revisions\/2887"}],"wp:attachment":[{"href":"https:\/\/kulturblaettchen.de\/index.php?rest_route=%2Fwp%2Fv2%2Fmedia&parent=2886"}],"wp:term":[{"taxonomy":"category","embeddable":true,"href":"https:\/\/kulturblaettchen.de\/index.php?rest_route=%2Fwp%2Fv2%2Fcategories&post=2886"},{"taxonomy":"post_tag","embeddable":true,"href":"https:\/\/kulturblaettchen.de\/index.php?rest_route=%2Fwp%2Fv2%2Ftags&post=2886"}],"curies":[{"name":"wp","href":"https:\/\/api.w.org\/{rel}","templated":true}]}}