{"id":2132,"date":"2013-10-11T09:48:59","date_gmt":"2013-10-11T07:48:59","guid":{"rendered":"http:\/\/kulturblaettchen.de\/?p=2132"},"modified":"2013-10-11T22:13:52","modified_gmt":"2013-10-11T20:13:52","slug":"leseliste-8-11-10-2013","status":"publish","type":"post","link":"https:\/\/kulturblaettchen.de\/?p=2132","title":{"rendered":"Leseliste (8): 11.10.2013"},"content":{"rendered":"<h3>News of the Day:<\/h3>\n<p>Mehr Gewalt, Mord und Totschlag.<\/p>\n<p>Welche Regierung Deutschland bekommt, k\u00f6nnte sich an der Frage von Steuererh\u00f6hungen entscheiden. Investitionen in die Infrastruktur sind dringend n\u00f6tig. <a href=\"http:\/\/www.zeit.de\/2013\/42\/spd-koalition-steuererhoehungen\/komplettansicht\" target=\"_blank\">Die SPD wiegelt gerade ab, dass Steuererh\u00f6hungen allein auch nicht helfen. Die CDU will vor allem mehr Geld ausgeben.<\/a>\u00a0<a href=\"http:\/\/www.zeit.de\/politik\/deutschland\/2013-10\/gruene-union-sondierungsanalyse\/seite-2\" target=\"_blank\">Weitere Sondierungsgespr\u00e4che Schwarz-Gr\u00fcn.<\/a>\u00a0(<a href=\"http:\/\/www.sueddeutsche.de\/politik\/schwarz-gruene-sondierungsgespraeche-sanfte-annaeherung-1.1792277\" target=\"_blank\">inhaltliche Details<\/a>)<\/p>\n<p><a href=\"http:\/\/www.sueddeutsche.de\/politik\/us-haushaltskrise-republikaner-verlassen-weisses-haus-ohne-ergebnis-1.1792195\">Verhandlungen auch in den USA.<\/a>\u00a0(<a href=\"http:\/\/www.nzz.ch\/aktuell\/international\/auslandnachrichten\/republikaner-bewegen-sich-erstmals-1.18165763\" target=\"_blank\">au\u00dfer dass man wieder miteinander spricht passiert aber noch nicht viel<\/a>)<\/p>\n<p><a href=\"http:\/\/www.zeit.de\/2013\/42\/energie-oekostrom-privater-handel\/komplettansicht\" target=\"_blank\">Privater \u00d6kostrom wird weiter verkauft.<\/a><\/p>\n<p><a href=\"http:\/\/www.sueddeutsche.de\/geld\/angehobene-bemessungsgrenze-sozialbeitraege-steigen-deutlich-1.1792240\" target=\"_blank\">Steigende Sozialabgaben f\u00fcr 2014.<\/a><\/p>\n<p>Die Schuldenkriese zeigt weiter ihre Auswirkungen: <a href=\"http:\/\/www.sueddeutsche.de\/panorama\/folgen-der-finanzkrise-millionen-europaeer-vom-hunger-bedroht-1.1792296\">Gefahr von Hungersnot in Europa<\/a>.<\/p>\n<p><a href=\"http:\/\/www.nzz.ch\/aktuell\/zuerich\/uebersicht\/ohne-schlechtes-gewissen-1.18165564\" target=\"_blank\">Mehr \u00c4rzte arbeiten Teilzeit und wollen dies auf allen Karrierestufen tun.<\/a><\/p>\n<h3>Gelesen:<\/h3>\n<p>Alan Bradley <em>Speaking from among the bones<\/em>\u00a0\u00dcber die Flavia de Luce Krimis hab ich ja schon <a title=\"Rezensiert: Flavia de Luce Krimis\" href=\"http:\/\/kulturblaettchen.de\/2012\/04\/18\/rezensiert-flavia-de-luce-krimis\/\" target=\"_blank\">hier<\/a> mal geschrieben. Inzwischen wurde die Reihe fortgesetzt. Mit etwas Abstand wird auch die Entwicklung der Hintergrundhandlung deutlicher. Flavia wird \u00e4lter und etwas weniger naseweis, die Familie steht noch n\u00e4her am Rande des Ruins \u2013 und mit dem letzen Satz des Buches kriegt die \u00a0Handlung dann auch noch einen Twist, der die Spannung f\u00fcrs n\u00e4chste Buch aufrecht erh\u00e4lt. Ansonsten bleibt eigentlich alles beim Alten. Flavia ist weiterhin das Chemiegenie, zu neugierig f\u00fcr ihr eigenes Wohlergehen und nat\u00fcrlich diejenige, die den Mordfall l\u00f6st. Hat wieder Spass gemacht zu lesen. Besonders an den vielen Stellen, an denen ich dachte &#8220;gleich passiert etwas wirklich schlimmes&#8221; ganz ohne, dass das dann eingetreten ist.<\/p>\n<p>Rudolf Schenda <em>Volk ohne Buch.<\/em>\u00a0Schenda vertritt die These, dass im 19. Jahrhundert zwar einerseits Lesen als Erziehungs- und Aufkl\u00e4rungsmethode angesehen wurde (von Seiten der Aufkl\u00e4rer), gleichzeitig das Volk aber nicht zu aufgekl\u00e4rt sein sollte (von den Herrschenden). Dies hat zur Folge, dass nur wenige Menschen mit echtem Textverst\u00e4ndnis lesen k\u00f6nnen, da der Schulunterricht nicht genug gef\u00f6rdert wird. Au\u00dferdem wirkt sich dies auf popul\u00e4re Lesestoffe aus, die in einer seltsamen Zwischenstufe stehen. Einerseits werden sie als nicht literarisch-\u00e4sthetisch abgewertet, andererseits gibt es auch kein echtes Bestreben gute popul\u00e4re Texte zu produzieren.<\/p>\n","protected":false},"excerpt":{"rendered":"<p>News of the Day: Mehr Gewalt, Mord und Totschlag. Welche Regierung Deutschland bekommt, k\u00f6nnte sich an der Frage von Steuererh\u00f6hungen entscheiden. Investitionen in die Infrastruktur sind dringend n\u00f6tig. Die SPD wiegelt gerade ab, dass Steuererh\u00f6hungen allein auch nicht helfen. Die CDU will vor allem mehr Geld ausgeben.\u00a0Weitere Sondierungsgespr\u00e4che Schwarz-Gr\u00fcn.\u00a0(inhaltliche Details) Verhandlungen auch in den USA.\u00a0(au\u00dfer [&hellip;]<\/p>\n","protected":false},"author":1,"featured_media":0,"comment_status":"open","ping_status":"open","sticky":false,"template":"","format":"standard","meta":{"wprm-recipe-roundup-name":"","wprm-recipe-roundup-description":""},"categories":[74,628,289,13,133],"tags":[127,128,435,838,639,640],"_links":{"self":[{"href":"https:\/\/kulturblaettchen.de\/index.php?rest_route=\/wp\/v2\/posts\/2132"}],"collection":[{"href":"https:\/\/kulturblaettchen.de\/index.php?rest_route=\/wp\/v2\/posts"}],"about":[{"href":"https:\/\/kulturblaettchen.de\/index.php?rest_route=\/wp\/v2\/types\/post"}],"author":[{"embeddable":true,"href":"https:\/\/kulturblaettchen.de\/index.php?rest_route=\/wp\/v2\/users\/1"}],"replies":[{"embeddable":true,"href":"https:\/\/kulturblaettchen.de\/index.php?rest_route=%2Fwp%2Fv2%2Fcomments&post=2132"}],"version-history":[{"count":5,"href":"https:\/\/kulturblaettchen.de\/index.php?rest_route=\/wp\/v2\/posts\/2132\/revisions"}],"predecessor-version":[{"id":2137,"href":"https:\/\/kulturblaettchen.de\/index.php?rest_route=\/wp\/v2\/posts\/2132\/revisions\/2137"}],"wp:attachment":[{"href":"https:\/\/kulturblaettchen.de\/index.php?rest_route=%2Fwp%2Fv2%2Fmedia&parent=2132"}],"wp:term":[{"taxonomy":"category","embeddable":true,"href":"https:\/\/kulturblaettchen.de\/index.php?rest_route=%2Fwp%2Fv2%2Fcategories&post=2132"},{"taxonomy":"post_tag","embeddable":true,"href":"https:\/\/kulturblaettchen.de\/index.php?rest_route=%2Fwp%2Fv2%2Ftags&post=2132"}],"curies":[{"name":"wp","href":"https:\/\/api.w.org\/{rel}","templated":true}]}}