{"id":1805,"date":"2013-06-07T22:40:18","date_gmt":"2013-06-07T20:40:18","guid":{"rendered":"http:\/\/kulturblaettchen.de\/?p=1805"},"modified":"2013-08-02T13:54:37","modified_gmt":"2013-08-02T11:54:37","slug":"filmtipp-parades-end-der-letzte-gentleman","status":"publish","type":"post","link":"https:\/\/kulturblaettchen.de\/?p=1805","title":{"rendered":"Filmtipp: Parade&#8217;s End &#8211; Der letzte Gentleman"},"content":{"rendered":"<p>Beim Bl\u00e4ttern durch das Arte+7 Programm bin ich \u00fcber die BBC Mini-Serie &#8220;Parade&#8217;s End &#8211; Der letzte Gentleman&#8221; gestolpert.<\/p>\n<p>F\u00fcr alle, die englische Serien, Benedict Cumberbatch und historische Dramen m\u00f6gen ein ganz wunderbarer Filmtipp (l\u00e4uft noch bis Freitag den 14.06.)<\/p>\n<p>Und jetzt muss ich leider weiter fernsehen.<\/p>\n<p><iframe loading=\"lazy\" style=\"width: 600px; height: 340px;\" src=\"http:\/\/www.arte.tv\/guide\/de\/embed\/046580-001\/medium\" height=\"240\" width=\"320\" allowfullscreen=\"true\" frameborder=\"0\"><\/iframe><\/p>\n<p>Ach so: Bechdel Test bislang knapp bestanden.<\/p>\n","protected":false},"excerpt":{"rendered":"<p>Beim Bl\u00e4ttern durch das Arte+7 Programm bin ich \u00fcber die BBC Mini-Serie &#8220;Parade&#8217;s End &#8211; Der letzte Gentleman&#8221; gestolpert. F\u00fcr alle, die englische Serien, Benedict Cumberbatch und historische Dramen m\u00f6gen ein ganz wunderbarer Filmtipp (l\u00e4uft noch bis Freitag den 14.06.) Und jetzt muss ich leider weiter fernsehen. Ach so: Bechdel Test bislang knapp bestanden.<\/p>\n","protected":false},"author":1,"featured_media":0,"comment_status":"closed","ping_status":"open","sticky":false,"template":"","format":"standard","meta":{"wprm-recipe-roundup-name":"","wprm-recipe-roundup-description":""},"categories":[102,27,150,409,151],"tags":[580,404,578,577,579,581,850],"_links":{"self":[{"href":"https:\/\/kulturblaettchen.de\/index.php?rest_route=\/wp\/v2\/posts\/1805"}],"collection":[{"href":"https:\/\/kulturblaettchen.de\/index.php?rest_route=\/wp\/v2\/posts"}],"about":[{"href":"https:\/\/kulturblaettchen.de\/index.php?rest_route=\/wp\/v2\/types\/post"}],"author":[{"embeddable":true,"href":"https:\/\/kulturblaettchen.de\/index.php?rest_route=\/wp\/v2\/users\/1"}],"replies":[{"embeddable":true,"href":"https:\/\/kulturblaettchen.de\/index.php?rest_route=%2Fwp%2Fv2%2Fcomments&post=1805"}],"version-history":[{"count":4,"href":"https:\/\/kulturblaettchen.de\/index.php?rest_route=\/wp\/v2\/posts\/1805\/revisions"}],"predecessor-version":[{"id":1927,"href":"https:\/\/kulturblaettchen.de\/index.php?rest_route=\/wp\/v2\/posts\/1805\/revisions\/1927"}],"wp:attachment":[{"href":"https:\/\/kulturblaettchen.de\/index.php?rest_route=%2Fwp%2Fv2%2Fmedia&parent=1805"}],"wp:term":[{"taxonomy":"category","embeddable":true,"href":"https:\/\/kulturblaettchen.de\/index.php?rest_route=%2Fwp%2Fv2%2Fcategories&post=1805"},{"taxonomy":"post_tag","embeddable":true,"href":"https:\/\/kulturblaettchen.de\/index.php?rest_route=%2Fwp%2Fv2%2Ftags&post=1805"}],"curies":[{"name":"wp","href":"https:\/\/api.w.org\/{rel}","templated":true}]}}