{"id":1609,"date":"2013-04-08T20:30:32","date_gmt":"2013-04-08T18:30:32","guid":{"rendered":"http:\/\/kulturblaettchen.de\/?p=1609"},"modified":"2013-04-08T18:30:33","modified_gmt":"2013-04-08T16:30:33","slug":"bucher-zum-verschlingen","status":"publish","type":"post","link":"https:\/\/kulturblaettchen.de\/?p=1609","title":{"rendered":"B\u00fccher zum Verschlingen"},"content":{"rendered":"<p>November war&#8217;s und \u00e4hnlich kalt wie jetzt, daher bin ich auch nicht zu sp\u00e4t mit meinem Bericht, sondern das Wetter hat einfach gewartet, bis ich endlich damit rausr\u00fccke.<\/p>\n<p>Von Lisseuse hab ich den Tipp damals \u00fcber Twitter bekommen, ich m\u00f6ge doch bitte stellvertretend eine Buchpr\u00e4sentation besuchen. Anfangs skeptisch, haben mich dann aber sowohl Ort als auch Buch und Autorin motiviert, mir das auch tats\u00e4chlich vorzunehmen. Nicht zuletzt die Verkostung von Rezepten aus dem Buch war dann ausschlaggebend, das B\u00fcro etwas fr\u00fcher als normal zu verlassen. Ach, ich hab noch gar nicht erw\u00e4hnt, dass es sich um ein Kochbuch handelt? Naja, jetzt ist es raus!<\/p>\n<div id=\"attachment_1613\" style=\"width: 310px\" class=\"wp-caption alignnone\"><a href=\"http:\/\/kulturblaettchen.de\/wp-content\/uploads\/2013\/04\/IMG_2624.jpg\"><img aria-describedby=\"caption-attachment-1613\" decoding=\"async\" loading=\"lazy\" class=\"size-medium wp-image-1613\" alt=\"\u00f6veg-Buchpr\u00e4santation\" src=\"http:\/\/kulturblaettchen.de\/wp-content\/uploads\/2013\/04\/IMG_2624-300x225.jpg\" width=\"300\" height=\"225\" srcset=\"https:\/\/kulturblaettchen.de\/wp-content\/uploads\/2013\/04\/IMG_2624-300x225.jpg 300w, https:\/\/kulturblaettchen.de\/wp-content\/uploads\/2013\/04\/IMG_2624-1024x768.jpg 1024w\" sizes=\"(max-width: 300px) 100vw, 300px\" \/><\/a><p id=\"caption-attachment-1613\" class=\"wp-caption-text\">\u00f6veg-Buchpr\u00e4santation<\/p><\/div>\n<p><em><strong>die Autoren: Katharina Seiser \/ Meinrad Neunkirchner, \u00d6sterreich vegetarisch<\/strong><\/em><\/p>\n<p>Schon alleine beim Eintreten der Buchhandlung weiss man, worauf man sich einl\u00e4sst: eine Duftmischung von Gew\u00fcrzen gibt einem das Gef\u00fchl, als ob schon was Leckeres zu Essen am Herd stehen w\u00fcrde, aber nein: diese Buchhandlung ist auch gleichzeitig Bezugsquelle f\u00fcr die n\u00f6tigen Gew\u00fcrze, was besser\u00a0nicht passen k\u00f6nnte.<\/p>\n<p>Nach ein paar einleitenden Worten zur Motivation des Buches, was denn au\u00dfer Mehlspeisen an \u00f6sterreichischem Essen vegetarisch w\u00e4re, gab es noch einige Erkl\u00e4rungen zur Aufmachung des Buches selbst mit einer fast schon entschuldigenden Feststellung, dass der Verlag nur 3 statt der gew\u00fcnschten 5 Lesezeichen-B\u00e4ndchen zulie\u00df. Danach ging es direkt in eine offene Fragerunde in der kleinen fast schon famili\u00e4ren Runde.<\/p>\n<div id=\"attachment_1614\" style=\"width: 310px\" class=\"wp-caption alignnone\"><a href=\"http:\/\/kulturblaettchen.de\/wp-content\/uploads\/2013\/04\/IMG_2626.jpg\"><img aria-describedby=\"caption-attachment-1614\" decoding=\"async\" loading=\"lazy\" class=\"size-medium wp-image-1614\" alt=\"\u00f6veg-Lauschen\" src=\"http:\/\/kulturblaettchen.de\/wp-content\/uploads\/2013\/04\/IMG_2626-300x225.jpg\" width=\"300\" height=\"225\" srcset=\"https:\/\/kulturblaettchen.de\/wp-content\/uploads\/2013\/04\/IMG_2626-300x225.jpg 300w, https:\/\/kulturblaettchen.de\/wp-content\/uploads\/2013\/04\/IMG_2626-1024x768.jpg 1024w\" sizes=\"(max-width: 300px) 100vw, 300px\" \/><\/a><p id=\"caption-attachment-1614\" class=\"wp-caption-text\">\u00f6veg-Lauschen<\/p><\/div>\n<p>Das beste an einer Vorstellung eines Kochbuches ist aber &#8211; so auch in diesem Fall &#8211; wenn der Inhalt auch noch \u00a0in Form einer Verkostung vorstellig wird. So kamen wir also zus\u00e4tzlich in die vergn\u00fcgliche Situation drei der Rezepte frisch zubereitet zu geniessen und uns dabei gelichzeitig um das eigene Abendessen weniger Sorgen machen zu m\u00fcssen.<\/p>\n<p>Die Kostproben waren so schmackhaft, dass ich erst beim letzten Gang (es gab schliesslich Vorspeise, Suppe, Haupt- und Nachspeise) daran gedacht habe, auch Bilder davon zu machen. Man hat mir dann erkl\u00e4rt, dass ich wohl kein eingefleischter Food-Blogger bin, was ich nicht widerlegen kann: Erst das Essen, dann&#8230; naja, ihr erkennt das Problem. \ud83d\ude09<\/p>\n<div id=\"attachment_1615\" style=\"width: 235px\" class=\"wp-caption alignnone\"><a href=\"http:\/\/kulturblaettchen.de\/wp-content\/uploads\/2013\/04\/IMG_2627.jpg\"><img aria-describedby=\"caption-attachment-1615\" decoding=\"async\" loading=\"lazy\" class=\"size-medium wp-image-1615\" alt=\"\u00f6veg-Mehlspeis\" src=\"http:\/\/kulturblaettchen.de\/wp-content\/uploads\/2013\/04\/IMG_2627-225x300.jpg\" width=\"225\" height=\"300\" srcset=\"https:\/\/kulturblaettchen.de\/wp-content\/uploads\/2013\/04\/IMG_2627-225x300.jpg 225w, https:\/\/kulturblaettchen.de\/wp-content\/uploads\/2013\/04\/IMG_2627-768x1024.jpg 768w\" sizes=\"(max-width: 225px) 100vw, 225px\" \/><\/a><p id=\"caption-attachment-1615\" class=\"wp-caption-text\">\u00f6veg-Mehlspeis<\/p><\/div>\n<p>So zwischen den G\u00e4ngen hat sich auch eine Menschenschlange in den Backstage-Bereich der Buchhandlung (da wo das Essen herkam) gebildet, was mich erst vermuten lies, dass es da Nachschub gab. Das man sich den holen wollte, konnte ich durchaus verstehen. Aber anders als angenommen waren die Besucher darauf aus, die eben erworbenen B\u00fccher auch gleich noch bei einem kurzen und sehr netten Gespr\u00e4ch mit Katha signieren zu lassen.<\/p>\n<p>Zum Nachst\u00f6bern und Durchbummeln: der Blog <a href=\"http:\/\/www.esskultur.at\/\" target=\"_blank\">esskultur<\/a> ist ebenso empfehlenswert wie auch die kulinarischste Buchhendlung, die ich je erlebt habe: <a href=\"http:\/\/www.babettes.at\/\" target=\"_blank\">Babette&#8217;s<\/a>.<\/p>\n<p>Mehr von mir zu lesen gibt es \u00fcbrigens unter:<a href=\"http:\/\/myvoid.net\" target=\"_blank\">\u00a0http:\/\/myvoid.net<\/a><\/p>\n","protected":false},"excerpt":{"rendered":"<p>November war&#8217;s und \u00e4hnlich kalt wie jetzt, daher bin ich auch nicht zu sp\u00e4t mit meinem Bericht, sondern das Wetter hat einfach gewartet, bis ich endlich damit rausr\u00fccke. Von Lisseuse hab ich den Tipp damals \u00fcber Twitter bekommen, ich m\u00f6ge doch bitte stellvertretend eine Buchpr\u00e4sentation besuchen. Anfangs skeptisch, haben mich dann aber sowohl Ort als [&hellip;]<\/p>\n","protected":false},"author":6,"featured_media":0,"comment_status":"open","ping_status":"open","sticky":false,"template":"","format":"standard","meta":{"wprm-recipe-roundup-name":"","wprm-recipe-roundup-description":""},"categories":[102,4,34],"tags":[837,111,827,538,537,536],"_links":{"self":[{"href":"https:\/\/kulturblaettchen.de\/index.php?rest_route=\/wp\/v2\/posts\/1609"}],"collection":[{"href":"https:\/\/kulturblaettchen.de\/index.php?rest_route=\/wp\/v2\/posts"}],"about":[{"href":"https:\/\/kulturblaettchen.de\/index.php?rest_route=\/wp\/v2\/types\/post"}],"author":[{"embeddable":true,"href":"https:\/\/kulturblaettchen.de\/index.php?rest_route=\/wp\/v2\/users\/6"}],"replies":[{"embeddable":true,"href":"https:\/\/kulturblaettchen.de\/index.php?rest_route=%2Fwp%2Fv2%2Fcomments&post=1609"}],"version-history":[{"count":10,"href":"https:\/\/kulturblaettchen.de\/index.php?rest_route=\/wp\/v2\/posts\/1609\/revisions"}],"predecessor-version":[{"id":1635,"href":"https:\/\/kulturblaettchen.de\/index.php?rest_route=\/wp\/v2\/posts\/1609\/revisions\/1635"}],"wp:attachment":[{"href":"https:\/\/kulturblaettchen.de\/index.php?rest_route=%2Fwp%2Fv2%2Fmedia&parent=1609"}],"wp:term":[{"taxonomy":"category","embeddable":true,"href":"https:\/\/kulturblaettchen.de\/index.php?rest_route=%2Fwp%2Fv2%2Fcategories&post=1609"},{"taxonomy":"post_tag","embeddable":true,"href":"https:\/\/kulturblaettchen.de\/index.php?rest_route=%2Fwp%2Fv2%2Ftags&post=1609"}],"curies":[{"name":"wp","href":"https:\/\/api.w.org\/{rel}","templated":true}]}}