{"id":1523,"date":"2013-01-27T09:17:59","date_gmt":"2013-01-27T08:17:59","guid":{"rendered":"http:\/\/kulturblaettchen.de\/?p=1523"},"modified":"2013-01-25T16:24:10","modified_gmt":"2013-01-25T15:24:10","slug":"facie-populi","status":"publish","type":"post","link":"https:\/\/kulturblaettchen.de\/?p=1523","title":{"rendered":"Facie Populi"},"content":{"rendered":"<p style=\"text-align: left;\">Dieser <a href=\"http:\/\/www.faciepopuli.com\/\">Photoblog<\/a><\/p>\n<p style=\"text-align: left;\">bekehrt auch den farbverliebtesten Menschen zum Schwarz-Wei\u00df-Fotografie-Anh\u00e4nger. Zwei Aspekte sind ausschlaggebend: einerseits das Nostalgiegef\u00fchl, da die meisten Fotos, die gezeigt werden aus den zwanziger bis f\u00fcnziger Jahren stammen, z.T. Von so namhaften Fotografen wie Henri Cartier \u2013 Bresson; andererseits die Perspektive, die sich aufgrund der Farblosigkeit auftut: die Konturen, die Symmetrie bzw. Asymmetrie werden sehr deutlich und es lenkt nichts davon ab, keine grelle Farbe oder ein einheitlicher Farbenbrei. Am besten einfach genie\u00dfen und sich inspirieren lassen:<\/p>\n<div style=\"width: 510px\" class=\"wp-caption alignnone\"><img decoding=\"async\" loading=\"lazy\" title=\"Jorge Henriques  [Sunday Morning] Domingo de Manh\u00e3, Porto, Portugal, 1950-1970  From the Book \u201cDomingo de Manh\u00e3\u201d, de Jorge Henriques\" src=\"http:\/\/25.media.tumblr.com\/e5a27b84e553a1fbd0d29bd40214a625\/tumblr_mgoq5iHW161qzq84io1_500.jpg\" alt=\"\" width=\"500\" height=\"527\" \/><p class=\"wp-caption-text\">from the tumblr - blog: facie populi<\/p><\/div>\n","protected":false},"excerpt":{"rendered":"<p>Dieser Photoblog bekehrt auch den farbverliebtesten Menschen zum Schwarz-Wei\u00df-Fotografie-Anh\u00e4nger. Zwei Aspekte sind ausschlaggebend: einerseits das Nostalgiegef\u00fchl, da die meisten Fotos, die gezeigt werden aus den zwanziger bis f\u00fcnziger Jahren stammen, z.T. Von so namhaften Fotografen wie Henri Cartier \u2013 Bresson; andererseits die Perspektive, die sich aufgrund der Farblosigkeit auftut: die Konturen, die Symmetrie bzw. Asymmetrie [&hellip;]<\/p>\n","protected":false},"author":4,"featured_media":0,"comment_status":"open","ping_status":"open","sticky":false,"template":"","format":"standard","meta":{"wprm-recipe-roundup-name":"","wprm-recipe-roundup-description":""},"categories":[502,1],"tags":[505,446,504,833,503],"_links":{"self":[{"href":"https:\/\/kulturblaettchen.de\/index.php?rest_route=\/wp\/v2\/posts\/1523"}],"collection":[{"href":"https:\/\/kulturblaettchen.de\/index.php?rest_route=\/wp\/v2\/posts"}],"about":[{"href":"https:\/\/kulturblaettchen.de\/index.php?rest_route=\/wp\/v2\/types\/post"}],"author":[{"embeddable":true,"href":"https:\/\/kulturblaettchen.de\/index.php?rest_route=\/wp\/v2\/users\/4"}],"replies":[{"embeddable":true,"href":"https:\/\/kulturblaettchen.de\/index.php?rest_route=%2Fwp%2Fv2%2Fcomments&post=1523"}],"version-history":[{"count":3,"href":"https:\/\/kulturblaettchen.de\/index.php?rest_route=\/wp\/v2\/posts\/1523\/revisions"}],"predecessor-version":[{"id":1525,"href":"https:\/\/kulturblaettchen.de\/index.php?rest_route=\/wp\/v2\/posts\/1523\/revisions\/1525"}],"wp:attachment":[{"href":"https:\/\/kulturblaettchen.de\/index.php?rest_route=%2Fwp%2Fv2%2Fmedia&parent=1523"}],"wp:term":[{"taxonomy":"category","embeddable":true,"href":"https:\/\/kulturblaettchen.de\/index.php?rest_route=%2Fwp%2Fv2%2Fcategories&post=1523"},{"taxonomy":"post_tag","embeddable":true,"href":"https:\/\/kulturblaettchen.de\/index.php?rest_route=%2Fwp%2Fv2%2Ftags&post=1523"}],"curies":[{"name":"wp","href":"https:\/\/api.w.org\/{rel}","templated":true}]}}