{"id":1521,"date":"2013-01-23T22:14:11","date_gmt":"2013-01-23T21:14:11","guid":{"rendered":"http:\/\/kulturblaettchen.de\/?p=1521"},"modified":"2013-01-23T22:14:11","modified_gmt":"2013-01-23T21:14:11","slug":"franzosische-kulinarika","status":"publish","type":"post","link":"https:\/\/kulturblaettchen.de\/?p=1521","title":{"rendered":"Franz\u00f6sische Kulinarika"},"content":{"rendered":"<p>Derzeit entdeckt Sarah Wiener die franz\u00f6sische K\u00fcche auf Arte. Das Konzept der 30 \u2013 min\u00fctigen Sendung ist einfach: Sarah Wiener erf\u00e4hrt erst kurz vorher wohin es geht und welche regionale Spezialit\u00e4t sie zubereiten muss. Die Zutaten erntet sie oft selbst oder stellt sie selber her, z.B. K\u00e4se. Das Essen, welches sie zubereitet, wird anschlie\u00dfend von einer Jury bewertet. Je nach Region sind es beispielsweise Mitglieder einer Wein-Confr\u00e9rie oder die Produzenten der verwendeten Produkte. Neben dem Entdecken mancher Herstellungsmethoden, lernt man auch einige Zutaten wie bestimmte K\u00e4se oder Gem\u00fcsesorten kennen. Mehr <a href=\"https:\/\/www.youtube.com\/results?search_query=sarah+wiener&amp;oq=sarah+wiener&amp;gs_l=youtube.3..0l10.200.2222.0.2633.9.7.0.0.0.0.252.821.1j2j2.5.0...0.0...1ac.1.2e7mbFkehqA\">hier<\/a>.<\/p>\n","protected":false},"excerpt":{"rendered":"<p>Derzeit entdeckt Sarah Wiener die franz\u00f6sische K\u00fcche auf Arte. Das Konzept der 30 \u2013 min\u00fctigen Sendung ist einfach: Sarah Wiener erf\u00e4hrt erst kurz vorher wohin es geht und welche regionale Spezialit\u00e4t sie zubereiten muss. Die Zutaten erntet sie oft selbst oder stellt sie selber her, z.B. K\u00e4se. Das Essen, welches sie zubereitet, wird anschlie\u00dfend von [&hellip;]<\/p>\n","protected":false},"author":4,"featured_media":0,"comment_status":"open","ping_status":"open","sticky":false,"template":"","format":"standard","meta":{"wprm-recipe-roundup-name":"","wprm-recipe-roundup-description":""},"categories":[102,33,34,437],"tags":[501,111,827,851,500,393],"_links":{"self":[{"href":"https:\/\/kulturblaettchen.de\/index.php?rest_route=\/wp\/v2\/posts\/1521"}],"collection":[{"href":"https:\/\/kulturblaettchen.de\/index.php?rest_route=\/wp\/v2\/posts"}],"about":[{"href":"https:\/\/kulturblaettchen.de\/index.php?rest_route=\/wp\/v2\/types\/post"}],"author":[{"embeddable":true,"href":"https:\/\/kulturblaettchen.de\/index.php?rest_route=\/wp\/v2\/users\/4"}],"replies":[{"embeddable":true,"href":"https:\/\/kulturblaettchen.de\/index.php?rest_route=%2Fwp%2Fv2%2Fcomments&post=1521"}],"version-history":[{"count":1,"href":"https:\/\/kulturblaettchen.de\/index.php?rest_route=\/wp\/v2\/posts\/1521\/revisions"}],"predecessor-version":[{"id":1522,"href":"https:\/\/kulturblaettchen.de\/index.php?rest_route=\/wp\/v2\/posts\/1521\/revisions\/1522"}],"wp:attachment":[{"href":"https:\/\/kulturblaettchen.de\/index.php?rest_route=%2Fwp%2Fv2%2Fmedia&parent=1521"}],"wp:term":[{"taxonomy":"category","embeddable":true,"href":"https:\/\/kulturblaettchen.de\/index.php?rest_route=%2Fwp%2Fv2%2Fcategories&post=1521"},{"taxonomy":"post_tag","embeddable":true,"href":"https:\/\/kulturblaettchen.de\/index.php?rest_route=%2Fwp%2Fv2%2Ftags&post=1521"}],"curies":[{"name":"wp","href":"https:\/\/api.w.org\/{rel}","templated":true}]}}