{"id":1513,"date":"2013-01-19T14:48:13","date_gmt":"2013-01-19T13:48:13","guid":{"rendered":"http:\/\/kulturblaettchen.de\/?p=1513"},"modified":"2013-01-23T01:17:24","modified_gmt":"2013-01-23T00:17:24","slug":"les-soldes","status":"publish","type":"post","link":"https:\/\/kulturblaettchen.de\/?p=1513","title":{"rendered":"Les soldes"},"content":{"rendered":"<p align=\"JUSTIFY\">\u201eTu as d\u00e9j\u00e0 fait des soldes?\u201c Eine der h\u00e4ufigsten Fragen, die ich in letzter Zeit gestellt bekommen habe. Denn auch in Frankreich ist jetzt Schlussverkauf und deswegen geht man besser nicht samstags in die Stadt zum Einkaufen. Vor den Umkleidekabinen sind lange Schlangen. Die maximal erlaubte Anzahl an Kleidungsst\u00fccken, die man zum Probieren mit in die Umkleidekabinen mitnehmen kann, wird streng kontrolliert, um halbwegs Gerechtigkeit zu schaffen. In L\u00e4den mit kleineren Verkaufsfl\u00e4chen ist kaum ein Durchkommen und der Versuch in Ruhe die heruntergesetzten Pullover und Westen zu durchst\u00f6bern scheitert kl\u00e4glich. Auch die Gesch\u00e4fte mit teureren Marken sind gut besucht \u2013 schlie\u00dflich gibt es ja bis zu 70% Rabatt. Es ist eine Art \u201eEndzeitstimmung\u201c in der Luft \u2013 jetzt oder nie kann man das gro\u00dfe Schn\u00e4ppchen machen.<\/p>\n<p align=\"JUSTIFY\">Tats\u00e4chlich gilt in Frankreich ein einschr\u00e4nkendes Gesetz f\u00fcr den Schlussverkauf. Der Winterschlussverkauf beginnt beispielsweise am zweiten Mittwoch im Januar und der Sommerschlussverkauf am dritten Mittwoch im Juni. Schlussverk\u00e4ufe d\u00fcrfen maximal 5 Wochen dauern; zudem d\u00fcrfen die H\u00e4ndler w\u00e4hrend des Schlussverkaufs ihr Lager nicht auff\u00fcllen, um neue Ware reduziert zu verkaufen. Zus\u00e4tzlich stehen den H\u00e4ndlern noch zwei weiter Wochen im Jahr zur Verf\u00fcgung, in der sie Verg\u00fcnstigungen anbieten d\u00fcrfen und deren Zeitpunkt sie selber festlegen k\u00f6nnen. Diese m\u00fcssen jedoch mindestens einen Monat vor Beginn der offiziellen Schlussverkaufszeiten zu Ende sein.<\/p>\n<p align=\"JUSTIFY\">Vermutlich f\u00fchrt genau diese Reglementierung dazu, dass man w\u00e4hrend des Schlussverkaufs in vielen Gesch\u00e4ften zum Kauf des Schn\u00e4ppchens gleich eine Karte f\u00fcr weitere Rabatte bekommt,\u00a0meist f\u00fcr eine Periode im Februar auf die neue Kollektion. Entweder wird ein fixer Abzugsbetrag ab einem bestimmten Einkaufswert angeboten oder Prozente. Zudem wird auch in den Schaufenstern mit \u201edeuxi\u00e8me d\u00e9marque\u201c geworben, das hei\u00dft, dass die reduzierten Teile noch einmal heruntergesetzt wurden.<\/p>\n<p align=\"JUSTIFY\">Vermutlich gab es einmal \u00e4hnliches in Deutschland, bevor die Gesetzgebung zur Rabattgebung gelockert wurde. Allerdings empfand ich den Schlussverkauf, so wie er jetzt in Deutschland ist, viel entspannter.<\/p>\n","protected":false},"excerpt":{"rendered":"<p>\u201eTu as d\u00e9j\u00e0 fait des soldes?\u201c Eine der h\u00e4ufigsten Fragen, die ich in letzter Zeit gestellt bekommen habe. Denn auch in Frankreich ist jetzt Schlussverkauf und deswegen geht man besser nicht samstags in die Stadt zum Einkaufen. Vor den Umkleidekabinen sind lange Schlangen. Die maximal erlaubte Anzahl an Kleidungsst\u00fccken, die man zum Probieren mit in [&hellip;]<\/p>\n","protected":false},"author":4,"featured_media":0,"comment_status":"open","ping_status":"open","sticky":false,"template":"","format":"standard","meta":{"wprm-recipe-roundup-name":"","wprm-recipe-roundup-description":""},"categories":[102,185,437,186],"tags":[851,498,499],"_links":{"self":[{"href":"https:\/\/kulturblaettchen.de\/index.php?rest_route=\/wp\/v2\/posts\/1513"}],"collection":[{"href":"https:\/\/kulturblaettchen.de\/index.php?rest_route=\/wp\/v2\/posts"}],"about":[{"href":"https:\/\/kulturblaettchen.de\/index.php?rest_route=\/wp\/v2\/types\/post"}],"author":[{"embeddable":true,"href":"https:\/\/kulturblaettchen.de\/index.php?rest_route=\/wp\/v2\/users\/4"}],"replies":[{"embeddable":true,"href":"https:\/\/kulturblaettchen.de\/index.php?rest_route=%2Fwp%2Fv2%2Fcomments&post=1513"}],"version-history":[{"count":3,"href":"https:\/\/kulturblaettchen.de\/index.php?rest_route=\/wp\/v2\/posts\/1513\/revisions"}],"predecessor-version":[{"id":1515,"href":"https:\/\/kulturblaettchen.de\/index.php?rest_route=\/wp\/v2\/posts\/1513\/revisions\/1515"}],"wp:attachment":[{"href":"https:\/\/kulturblaettchen.de\/index.php?rest_route=%2Fwp%2Fv2%2Fmedia&parent=1513"}],"wp:term":[{"taxonomy":"category","embeddable":true,"href":"https:\/\/kulturblaettchen.de\/index.php?rest_route=%2Fwp%2Fv2%2Fcategories&post=1513"},{"taxonomy":"post_tag","embeddable":true,"href":"https:\/\/kulturblaettchen.de\/index.php?rest_route=%2Fwp%2Fv2%2Ftags&post=1513"}],"curies":[{"name":"wp","href":"https:\/\/api.w.org\/{rel}","templated":true}]}}