{"id":1450,"date":"2012-11-28T12:54:10","date_gmt":"2012-11-28T11:54:10","guid":{"rendered":"http:\/\/kulturblaettchen.de\/?p=1450"},"modified":"2013-08-02T13:50:00","modified_gmt":"2013-08-02T11:50:00","slug":"gelesen-und-fur-gut-befunden-27-11-2012","status":"publish","type":"post","link":"https:\/\/kulturblaettchen.de\/?p=1450","title":{"rendered":"Gelesen und f\u00fcr gut befunden: 27.11.2012"},"content":{"rendered":"<p><a href=\"http:\/\/www.spiegel.de\/politik\/deutschland\/arbeitgeberpraesident-hundt-will-elternzeit-kuerzen-a-867927.html\" target=\"_blank\">Arbeitgeber wollen Elternzeit kr\u00e4ftig k\u00fcrzen<\/a>\u00a0(Spon) Dieses hin und her mit der Elternzeit ist doch l\u00e4cherlich. Wenn alle etwas weniger dogmatisch diskutieren k\u00f6nnten, w\u00fcrden wir vielleicht feststellen, dass Pluralit\u00e4t der L\u00f6sungen eine gute Idee ist.<\/p>\n<p>Im Kontrast dazu steht diese \u00f6sterreichische Initiative:\u00a0<a href=\"http:\/\/diestandard.at\/1353206678396\/Papa-Monat-Erst-einen-Finger\" target=\"_blank\">Papa-Monat: Erst einen Finger<\/a>\u00a0(DieStandard.at)<\/p>\n<p><a href=\"http:\/\/textkrieg.de\/2012\/11\/16\/text-fur-meine-demente-grosmutter\">Text f\u00fcr meine demente Gro\u00dfmutter<\/a>\u00a0(textkrieg). Ziemlich ber\u00fchrend.<\/p>\n<p><a href=\"http:\/\/ein-fremdwoerterbuch.blogspot.de\/2012\/09\/40-kilo-fremdschamen.html\" target=\"_blank\">40 KILO FREMDSCH\u00c4MEN<\/a>\u00a0(ein Fremdw\u00f6rterbuch). Wunderbare Geschichte dar\u00fcber, wie peinlich es f\u00fcr die Jugendliche ist, wenn ihre t\u00fcrkische Gro\u00dffamilie mit massenhaft \u00dcbergep\u00e4ck an Lebensmitteln nach Deutschland fliegt. Und mit gro\u00dfartiger Pointe.<\/p>\n<p><a href=\"http:\/\/www.faz.net\/aktuell\/gesellschaft\/pick-up-artists-du-bist-ja-ein-ganz-kleines-maedchen-11908961.html\" target=\"_blank\">Du bist ja ein ganz kleines M\u00e4dchen<\/a>\u00a0(faz) In der genannten &#8220;Pickup&#8221;Szene, setzen M\u00e4nner gezielte emotionale Manipulation ein, ausschlie\u00dflich um Frauen ins Bett zu kriegen. Lieber kein Kommentar dazu.<\/p>\n<p>Geschlechtergipfel der Gr\u00fcnen. Irgendwann f\u00e4llt der nur halb ironische Satz:\u00a0<a href=\"http:\/\/www.gruene-nrw.de\/details\/nachricht\/heiraten-ist-fuer-frauen-tendenziell-gefaehrlich.html\" target=\"_blank\">&#8220;Heiraten ist f\u00fcr Frauen tendenziell gef\u00e4hrlich&#8221;<\/a>.<\/p>\n<p>Das Nuf beschreibt noch so einen Fall, in dem weniger Dogmatismus die bessere L\u00f6sung w\u00e4re:\u00a0<a href=\"http:\/\/dasnuf.de\/experimente\/homoopathie-der-teufel-schulmedizin-der-teufel\/\" target=\"_blank\">Hom\u00f6opathie, der Teufel \u2013 Schulmedizin, der Teufel<\/a>.<\/p>\n<p><a href=\"http:\/\/drmutti.wordpress.com\/2012\/11\/15\/kitaplatzbetrug-dr-mutti-loggt-sich-ein\/\" target=\"_blank\">KITAPLATZBETRUG? DR. MUTTI LOGGT SICH\u00a0EIN<\/a>\u00a0Dr. Mutti kommentiert die ZDF &#8220;log in&#8221;-Sendung zur Kita-Betreuung.<\/p>\n<blockquote><p>Die Antwort Jarzombeks auf die Frage, wie er denn gerne seine eigenen Kinder betreuen lassen w\u00fcrde: \u201cDas w\u00fcrde die Mutter entscheiden.\u201d Aha, mit solchem Kinderkram gibt man sich also in der eigenen Familie gar nicht ab! Das darf die Frau entscheiden! Nur in der Bundespolitik mag Herr Jarzombek mit dar\u00fcber bestimmen, wie, wo und wieviele Kinder betreut werden. Mein Vorschlag an dieser Stelle: Bitte \u00fcberlassen Sie das doch auch gleich Ihrer Frau.<\/p><\/blockquote>\n<p>Rebecca Watson ist Skeptikerin und Feministin. Und muss leider feststellen, dass die m\u00e4nnlich dominierte Szene der Skeptiker viel sexistischer ist, als es eigentlich zu einer Szene passt, die sich f\u00fcr rational und kritisch h\u00e4lt. <a href=\"http:\/\/www.slate.com\/articles\/double_x\/doublex\/2012\/10\/sexism_in_the_skeptic_community_i_spoke_out_then_came_the_rape_threats.single.html\" target=\"_blank\">It Stands to Reason, Skeptics Can Be Sexist Too<\/a>.<\/p>\n<p><a href=\"http:\/\/rheker.wordpress.com\/2012\/10\/21\/3068\/\" target=\"_blank\">Wie man einen Baum pflanzt \u2013 Journalismus und\u00a0Wahrheit<\/a>\u00a0(Sascha Rheker)<\/p>\n<p><a href=\"http:\/\/www.zeit.de\/wirtschaft\/2012-11\/deutschland-euro-austritt\" target=\"_blank\">Der Tag, an dem Deutschland den Euro verl\u00e4sst<\/a>\u00a0(zeitonline): Ein Gedankenspiel dar\u00fcber, was passiert, wenn Deutschland den Euro verlie\u00dfe. Alle \u00e4hnlichen Artikel, die ich dazu bisher gelesen habe, kommen \u00fcbrigens zum gleichen Schluss: F\u00fcr Deutschland w\u00e4re es wirtschaftlich die d\u00fcmmste Idee \u00fcberhaupt, aus der Eurozone auszutreten.<\/p>\n<p>&nbsp;<\/p>\n<header><a href=\"http:\/\/anneschuessler.com\/2012\/11\/06\/ich-will-doch-nur-lesen\/\" target=\"_blank\">ICH WILL DOCH NUR LESEN!<\/a>\u00a0Anne Sch\u00fcssler ist es egal auf welchem Medium sie liest. Hauptsache sie kommt schnell und g\u00fcnstig an m\u00f6glichst viel Lesestoff \u2013 und muss sich nicht st\u00e4ndig fragen, was sie mit den ganzen B\u00fcchern machen soll.<\/p>\n<\/header>\n<p><a href=\"http:\/\/strohlehm.wordpress.com\/2012\/11\/13\/jo\/\" target=\"_blank\">Piraten:\u00a0w\/m<\/a>\u00a0(strohlehm):<\/p>\n<blockquote><p>Die Grenzen der Verst\u00e4ndigung zwischen M\u00e4nnern und Frauen liegen beim Mann. Kaum etwas l\u00e4\u00dft sich in dieser Gesellschaft ohne Frauen entwickeln &amp; das was ohne sie entwickelt werden kann, ist meistens unwichtig. Oder anders herum: Das was M\u00e4nner ohne Frauen zuwege bringen, l\u00e4sst sich weltweit als kleine, mittlere &amp; gro\u00dfe Katastrophen beobachten.<\/p><\/blockquote>\n<p>Und zum Abschluss mal wieder Herr Buddenbohm, der Superlative in Rezensionen f\u00fcr \u00fcbertrieben h\u00e4lt und f\u00fcr ein ehrliches &#8220;gut&#8221; pl\u00e4diert:\u00a0<a href=\"http:\/\/www.herzdamengeschichten.de\/2012\/11\/16\/runter-vom-weihrauchtrip\/\" target=\"_blank\">RUNTER VOM WEIHRAUCHTRIP<\/a>.<\/p>\n<header>&nbsp;<\/p>\n<\/header>\n","protected":false},"excerpt":{"rendered":"<p>Arbeitgeber wollen Elternzeit kr\u00e4ftig k\u00fcrzen\u00a0(Spon) Dieses hin und her mit der Elternzeit ist doch l\u00e4cherlich. Wenn alle etwas weniger dogmatisch diskutieren k\u00f6nnten, w\u00fcrden wir vielleicht feststellen, dass Pluralit\u00e4t der L\u00f6sungen eine gute Idee ist. Im Kontrast dazu steht diese \u00f6sterreichische Initiative:\u00a0Papa-Monat: Erst einen Finger\u00a0(DieStandard.at) Text f\u00fcr meine demente Gro\u00dfmutter\u00a0(textkrieg). Ziemlich ber\u00fchrend. 40 KILO FREMDSCH\u00c4MEN\u00a0(ein Fremdw\u00f6rterbuch). [&hellip;]<\/p>\n","protected":false},"author":1,"featured_media":0,"comment_status":"closed","ping_status":"open","sticky":false,"template":"","format":"standard","meta":{"wprm-recipe-roundup-name":"","wprm-recipe-roundup-description":""},"categories":[289],"tags":[836,474,472,479,111,478,429,476,423,435,419,475,108,477,473],"_links":{"self":[{"href":"https:\/\/kulturblaettchen.de\/index.php?rest_route=\/wp\/v2\/posts\/1450"}],"collection":[{"href":"https:\/\/kulturblaettchen.de\/index.php?rest_route=\/wp\/v2\/posts"}],"about":[{"href":"https:\/\/kulturblaettchen.de\/index.php?rest_route=\/wp\/v2\/types\/post"}],"author":[{"embeddable":true,"href":"https:\/\/kulturblaettchen.de\/index.php?rest_route=\/wp\/v2\/users\/1"}],"replies":[{"embeddable":true,"href":"https:\/\/kulturblaettchen.de\/index.php?rest_route=%2Fwp%2Fv2%2Fcomments&post=1450"}],"version-history":[{"count":2,"href":"https:\/\/kulturblaettchen.de\/index.php?rest_route=\/wp\/v2\/posts\/1450\/revisions"}],"predecessor-version":[{"id":1903,"href":"https:\/\/kulturblaettchen.de\/index.php?rest_route=\/wp\/v2\/posts\/1450\/revisions\/1903"}],"wp:attachment":[{"href":"https:\/\/kulturblaettchen.de\/index.php?rest_route=%2Fwp%2Fv2%2Fmedia&parent=1450"}],"wp:term":[{"taxonomy":"category","embeddable":true,"href":"https:\/\/kulturblaettchen.de\/index.php?rest_route=%2Fwp%2Fv2%2Fcategories&post=1450"},{"taxonomy":"post_tag","embeddable":true,"href":"https:\/\/kulturblaettchen.de\/index.php?rest_route=%2Fwp%2Fv2%2Ftags&post=1450"}],"curies":[{"name":"wp","href":"https:\/\/api.w.org\/{rel}","templated":true}]}}