{"id":1201,"date":"2012-11-26T12:51:15","date_gmt":"2012-11-26T11:51:15","guid":{"rendered":"http:\/\/kulturblaettchen.de\/?p=1201"},"modified":"2013-08-02T13:53:36","modified_gmt":"2013-08-02T11:53:36","slug":"dresden-stadtspaziergang","status":"publish","type":"post","link":"https:\/\/kulturblaettchen.de\/?p=1201","title":{"rendered":"Dresden \u2013 Stadtspaziergang"},"content":{"rendered":"<div id=\"attachment_1268\" style=\"width: 310px\" class=\"wp-caption aligncenter\"><a href=\"http:\/\/kulturblaettchen.de\/wp-content\/uploads\/2012\/11\/P3110003.jpg\"><img aria-describedby=\"caption-attachment-1268\" decoding=\"async\" loading=\"lazy\" class=\"size-medium wp-image-1268\" title=\"Dresden \u2013 Bahnhof Neustadt\" src=\"http:\/\/kulturblaettchen.de\/wp-content\/uploads\/2012\/11\/P3110003-300x224.jpg\" alt=\"\" width=\"300\" height=\"224\" srcset=\"https:\/\/kulturblaettchen.de\/wp-content\/uploads\/2012\/11\/P3110003-300x224.jpg 300w, https:\/\/kulturblaettchen.de\/wp-content\/uploads\/2012\/11\/P3110003-1024x767.jpg 1024w\" sizes=\"(max-width: 300px) 100vw, 300px\" \/><\/a><p id=\"caption-attachment-1268\" class=\"wp-caption-text\">Dresden \u2013 Bahnhof Neustadt<\/p><\/div>\n<p>Angekommen bin ich in Dresden zun\u00e4chst am Bahnhof in der Neustadt. Und selten habe ich eine derma\u00dfen sch\u00f6ne, gut restaurierte Bahnhofshalle gesehen! Dass der Bahnhof gerade zum Irrgartenlauf zwingt, weil er komplett renoviert wird, kann man dar\u00fcber zum Gl\u00fcck etwas vergessen.<\/p>\n<p>Mein Ausblick bereits aus dem Zug sah so aus:<\/p>\n<div id=\"attachment_1269\" style=\"width: 310px\" class=\"wp-caption aligncenter\"><a href=\"http:\/\/kulturblaettchen.de\/wp-content\/uploads\/2012\/11\/P3110006.jpg\"><img aria-describedby=\"caption-attachment-1269\" decoding=\"async\" loading=\"lazy\" class=\"size-medium wp-image-1269\" title=\"Dresden \u2013 Panorama\" src=\"http:\/\/kulturblaettchen.de\/wp-content\/uploads\/2012\/11\/P3110006-300x224.jpg\" alt=\"\" width=\"300\" height=\"224\" srcset=\"https:\/\/kulturblaettchen.de\/wp-content\/uploads\/2012\/11\/P3110006-300x224.jpg 300w, https:\/\/kulturblaettchen.de\/wp-content\/uploads\/2012\/11\/P3110006-1024x767.jpg 1024w\" sizes=\"(max-width: 300px) 100vw, 300px\" \/><\/a><p id=\"caption-attachment-1269\" class=\"wp-caption-text\">Dresden \u2013 Panorama<\/p><\/div>\n<p>Bei solchem Wetter und so einem Panorama muss man die Stadt einfach sch\u00f6n finden!<\/p>\n<p>Die erste &#8220;Sehensw\u00fcrdigkeit&#8221; die mir auffiel war die ehemalige Zigarettenfabrik Yenidze. Deren Aussehen hat mich zun\u00e4chst schwer verwirrt: Als sich das R\u00e4tsel dann aufkl\u00e4rte war ich dann allerdings fast entt\u00e4uscht \u00fcber soviel Profanit\u00e4t.<\/p>\n<div id=\"attachment_1270\" style=\"width: 234px\" class=\"wp-caption aligncenter\"><a href=\"http:\/\/kulturblaettchen.de\/wp-content\/uploads\/2012\/11\/P3110010.jpg\"><img aria-describedby=\"caption-attachment-1270\" decoding=\"async\" loading=\"lazy\" class=\"size-medium wp-image-1270\" title=\"Dresden \u2013 Zigarettenfabrik Yenidze\" src=\"http:\/\/kulturblaettchen.de\/wp-content\/uploads\/2012\/11\/P3110010-224x300.jpg\" alt=\"\" width=\"224\" height=\"300\" srcset=\"https:\/\/kulturblaettchen.de\/wp-content\/uploads\/2012\/11\/P3110010-224x300.jpg 224w, https:\/\/kulturblaettchen.de\/wp-content\/uploads\/2012\/11\/P3110010-767x1024.jpg 767w, https:\/\/kulturblaettchen.de\/wp-content\/uploads\/2012\/11\/P3110010.jpg 1958w\" sizes=\"(max-width: 224px) 100vw, 224px\" \/><\/a><p id=\"caption-attachment-1270\" class=\"wp-caption-text\">Dresden \u2013 Zigarettenfabrik Yenidze<\/p><\/div>\n<p>Diese ziemlich coole Installation erinnert an die gro\u00dfe Flut. Nicht nur in Dresden.<\/p>\n<div id=\"attachment_1274\" style=\"width: 234px\" class=\"wp-caption aligncenter\"><a href=\"http:\/\/kulturblaettchen.de\/wp-content\/uploads\/2012\/11\/P3110028.jpg\"><img aria-describedby=\"caption-attachment-1274\" decoding=\"async\" loading=\"lazy\" class=\"size-medium wp-image-1274\" title=\"Dresden \u2013 Elbe\" src=\"http:\/\/kulturblaettchen.de\/wp-content\/uploads\/2012\/11\/P3110028-224x300.jpg\" alt=\"\" width=\"224\" height=\"300\" srcset=\"https:\/\/kulturblaettchen.de\/wp-content\/uploads\/2012\/11\/P3110028-224x300.jpg 224w, https:\/\/kulturblaettchen.de\/wp-content\/uploads\/2012\/11\/P3110028-767x1024.jpg 767w, https:\/\/kulturblaettchen.de\/wp-content\/uploads\/2012\/11\/P3110028.jpg 1958w\" sizes=\"(max-width: 224px) 100vw, 224px\" \/><\/a><p id=\"caption-attachment-1274\" class=\"wp-caption-text\">Dresden \u2013 Elbe<\/p><\/div>\n<p>Von der Augustusbr\u00fccke aus l\u00e4uft man zun\u00e4chst zwangsweise aufs imposante Schloss zu.<\/p>\n<div id=\"attachment_1275\" style=\"width: 234px\" class=\"wp-caption aligncenter\"><a href=\"http:\/\/kulturblaettchen.de\/wp-content\/uploads\/2012\/11\/P3110031.jpg\"><img aria-describedby=\"caption-attachment-1275\" decoding=\"async\" loading=\"lazy\" class=\"size-medium wp-image-1275\" title=\"Dresden \u2013 Schloss\" src=\"http:\/\/kulturblaettchen.de\/wp-content\/uploads\/2012\/11\/P3110031-224x300.jpg\" alt=\"\" width=\"224\" height=\"300\" srcset=\"https:\/\/kulturblaettchen.de\/wp-content\/uploads\/2012\/11\/P3110031-224x300.jpg 224w, https:\/\/kulturblaettchen.de\/wp-content\/uploads\/2012\/11\/P3110031-767x1024.jpg 767w, https:\/\/kulturblaettchen.de\/wp-content\/uploads\/2012\/11\/P3110031.jpg 1958w\" sizes=\"(max-width: 224px) 100vw, 224px\" \/><\/a><p id=\"caption-attachment-1275\" class=\"wp-caption-text\">Dresden \u2013 Schloss<\/p><\/div>\n<div id=\"attachment_1276\" style=\"width: 310px\" class=\"wp-caption aligncenter\"><a href=\"http:\/\/kulturblaettchen.de\/wp-content\/uploads\/2012\/11\/P3110032.jpg\"><img aria-describedby=\"caption-attachment-1276\" decoding=\"async\" loading=\"lazy\" class=\"size-medium wp-image-1276\" title=\"Dresden \u2013 F\u00fcrstenzug\" src=\"http:\/\/kulturblaettchen.de\/wp-content\/uploads\/2012\/11\/P3110032-300x224.jpg\" alt=\"\" width=\"300\" height=\"224\" srcset=\"https:\/\/kulturblaettchen.de\/wp-content\/uploads\/2012\/11\/P3110032-300x224.jpg 300w, https:\/\/kulturblaettchen.de\/wp-content\/uploads\/2012\/11\/P3110032-1024x767.jpg 1024w\" sizes=\"(max-width: 300px) 100vw, 300px\" \/><\/a><p id=\"caption-attachment-1276\" class=\"wp-caption-text\">Dresden \u2013 F\u00fcrstenzug<\/p><\/div>\n<p>Es folgt die Frauenkirche, an der meiner Meinung nach, das authentischste die davor stehende Lutherstatue ist. Aber ich hege auch eine ausgesprochene Abneigung gegen die Dresdner Frauenkirche: Weit bekannt war sie das einzige, was ich bei einem einst\u00fcndigen Dresdenaufenthalt von der Stadt angesehen habe \u2013 leider habe ich mich selten in einem Geb\u00e4ude so unwohl gef\u00fchlt. \u00dcberlaufen, zu laut und v\u00f6llig ohne die beruhigende Aura einer Kirche.<\/p>\n<div id=\"attachment_1279\" style=\"width: 234px\" class=\"wp-caption aligncenter\"><a href=\"http:\/\/kulturblaettchen.de\/wp-content\/uploads\/2012\/11\/P3110040.jpg\"><img aria-describedby=\"caption-attachment-1279\" decoding=\"async\" loading=\"lazy\" class=\"size-medium wp-image-1279\" title=\"Dresden \u2013 Luther\" src=\"http:\/\/kulturblaettchen.de\/wp-content\/uploads\/2012\/11\/P3110040-224x300.jpg\" alt=\"\" width=\"224\" height=\"300\" srcset=\"https:\/\/kulturblaettchen.de\/wp-content\/uploads\/2012\/11\/P3110040-224x300.jpg 224w, https:\/\/kulturblaettchen.de\/wp-content\/uploads\/2012\/11\/P3110040-767x1024.jpg 767w, https:\/\/kulturblaettchen.de\/wp-content\/uploads\/2012\/11\/P3110040.jpg 1958w\" sizes=\"(max-width: 224px) 100vw, 224px\" \/><\/a><p id=\"caption-attachment-1279\" class=\"wp-caption-text\">Dresden \u2013 Luther<\/p><\/div>\n<p>Wenig echt sind allerdings auch die Neubauten um die Frauenkirche herum: Im zweiten Weltkrieg v\u00f6llig zerst\u00f6rt wurden sie so geschickt neu wieder aufgebaut, dass unbedarfte Augen sie f\u00fcr historisch halten k\u00f6nnen.<\/p>\n<div id=\"attachment_1280\" style=\"width: 234px\" class=\"wp-caption aligncenter\"><a href=\"http:\/\/kulturblaettchen.de\/wp-content\/uploads\/2012\/11\/P3110041.jpg\"><img aria-describedby=\"caption-attachment-1280\" decoding=\"async\" loading=\"lazy\" class=\"size-medium wp-image-1280\" title=\"Dresden \u2013 Stadtkulisse 2\" src=\"http:\/\/kulturblaettchen.de\/wp-content\/uploads\/2012\/11\/P3110041-224x300.jpg\" alt=\"\" width=\"224\" height=\"300\" srcset=\"https:\/\/kulturblaettchen.de\/wp-content\/uploads\/2012\/11\/P3110041-224x300.jpg 224w, https:\/\/kulturblaettchen.de\/wp-content\/uploads\/2012\/11\/P3110041-767x1024.jpg 767w, https:\/\/kulturblaettchen.de\/wp-content\/uploads\/2012\/11\/P3110041.jpg 1958w\" sizes=\"(max-width: 224px) 100vw, 224px\" \/><\/a><p id=\"caption-attachment-1280\" class=\"wp-caption-text\">Dresden \u2013 Stadtkulisse 1<\/p><\/div>\n<div id=\"attachment_1267\" style=\"width: 234px\" class=\"wp-caption aligncenter\"><a href=\"http:\/\/kulturblaettchen.de\/wp-content\/uploads\/2012\/11\/P3110002.jpg\"><img aria-describedby=\"caption-attachment-1267\" decoding=\"async\" loading=\"lazy\" class=\"size-medium wp-image-1267\" title=\"Dresden \u2013 Stadtkulisse 3\" src=\"http:\/\/kulturblaettchen.de\/wp-content\/uploads\/2012\/11\/P3110002-224x300.jpg\" alt=\"\" width=\"224\" height=\"300\" srcset=\"https:\/\/kulturblaettchen.de\/wp-content\/uploads\/2012\/11\/P3110002-224x300.jpg 224w, https:\/\/kulturblaettchen.de\/wp-content\/uploads\/2012\/11\/P3110002-767x1024.jpg 767w, https:\/\/kulturblaettchen.de\/wp-content\/uploads\/2012\/11\/P3110002.jpg 1958w\" sizes=\"(max-width: 224px) 100vw, 224px\" \/><\/a><p id=\"caption-attachment-1267\" class=\"wp-caption-text\">Dresden \u2013 Stadtkulisse 2<\/p><\/div>\n<p>Nach einer Runde \u00fcber die Br\u00fchlschen Terrassen kommt man schlie\u00dflich an der Semperoper vorbei zum Zwinger.<\/p>\n<div id=\"attachment_1281\" style=\"width: 310px\" class=\"wp-caption aligncenter\"><a href=\"http:\/\/kulturblaettchen.de\/wp-content\/uploads\/2012\/11\/P3110047.jpg\"><img aria-describedby=\"caption-attachment-1281\" decoding=\"async\" loading=\"lazy\" class=\"size-medium wp-image-1281\" title=\"Dresden \u2013 Semperoper\" src=\"http:\/\/kulturblaettchen.de\/wp-content\/uploads\/2012\/11\/P3110047-300x224.jpg\" alt=\"\" width=\"300\" height=\"224\" srcset=\"https:\/\/kulturblaettchen.de\/wp-content\/uploads\/2012\/11\/P3110047-300x224.jpg 300w, https:\/\/kulturblaettchen.de\/wp-content\/uploads\/2012\/11\/P3110047-1024x767.jpg 1024w\" sizes=\"(max-width: 300px) 100vw, 300px\" \/><\/a><p id=\"caption-attachment-1281\" class=\"wp-caption-text\">Dresden \u2013 Semperoper<\/p><\/div>\n<p>Dieser ist bei dem sonnigen Wetter voller Menschen und wirklich, wirklich sch\u00f6n.<\/p>\n<div id=\"attachment_1284\" style=\"width: 310px\" class=\"wp-caption aligncenter\"><a href=\"http:\/\/kulturblaettchen.de\/wp-content\/uploads\/2012\/11\/P3110057.jpg\"><img aria-describedby=\"caption-attachment-1284\" decoding=\"async\" loading=\"lazy\" class=\"size-medium wp-image-1284\" title=\"Dresden \u2013 Zwinger 1\" src=\"http:\/\/kulturblaettchen.de\/wp-content\/uploads\/2012\/11\/P3110057-300x224.jpg\" alt=\"\" width=\"300\" height=\"224\" srcset=\"https:\/\/kulturblaettchen.de\/wp-content\/uploads\/2012\/11\/P3110057-300x224.jpg 300w, https:\/\/kulturblaettchen.de\/wp-content\/uploads\/2012\/11\/P3110057-1024x767.jpg 1024w\" sizes=\"(max-width: 300px) 100vw, 300px\" \/><\/a><p id=\"caption-attachment-1284\" class=\"wp-caption-text\">Dresden \u2013 Zwinger 1<\/p><\/div>\n<div id=\"attachment_1283\" style=\"width: 234px\" class=\"wp-caption aligncenter\"><a href=\"http:\/\/kulturblaettchen.de\/wp-content\/uploads\/2012\/11\/P3110056.jpg\"><img aria-describedby=\"caption-attachment-1283\" decoding=\"async\" loading=\"lazy\" class=\"size-medium wp-image-1283\" title=\"Dresden \u2013 Zwinger 2\" src=\"http:\/\/kulturblaettchen.de\/wp-content\/uploads\/2012\/11\/P3110056-224x300.jpg\" alt=\"\" width=\"224\" height=\"300\" srcset=\"https:\/\/kulturblaettchen.de\/wp-content\/uploads\/2012\/11\/P3110056-224x300.jpg 224w, https:\/\/kulturblaettchen.de\/wp-content\/uploads\/2012\/11\/P3110056-767x1024.jpg 767w, https:\/\/kulturblaettchen.de\/wp-content\/uploads\/2012\/11\/P3110056.jpg 1958w\" sizes=\"(max-width: 224px) 100vw, 224px\" \/><\/a><p id=\"caption-attachment-1283\" class=\"wp-caption-text\">Dresden \u2013 Zwinger 2<\/p><\/div>\n<div id=\"attachment_1282\" style=\"width: 310px\" class=\"wp-caption aligncenter\"><a href=\"http:\/\/kulturblaettchen.de\/wp-content\/uploads\/2012\/11\/P3110051.jpg\"><img aria-describedby=\"caption-attachment-1282\" decoding=\"async\" loading=\"lazy\" class=\"size-medium wp-image-1282\" title=\"Dresden \u2013 Zwinger 3\" src=\"http:\/\/kulturblaettchen.de\/wp-content\/uploads\/2012\/11\/P3110051-300x224.jpg\" alt=\"\" width=\"300\" height=\"224\" srcset=\"https:\/\/kulturblaettchen.de\/wp-content\/uploads\/2012\/11\/P3110051-300x224.jpg 300w, https:\/\/kulturblaettchen.de\/wp-content\/uploads\/2012\/11\/P3110051-1024x767.jpg 1024w\" sizes=\"(max-width: 300px) 100vw, 300px\" \/><\/a><p id=\"caption-attachment-1282\" class=\"wp-caption-text\">Dresden \u2013 Zwinger 3<\/p><\/div>\n<p>Ich bedanke mich noch einmal f\u00fcr die nette Begleitung!<\/p>\n<p>&nbsp;<\/p>\n","protected":false},"excerpt":{"rendered":"<p>Angekommen bin ich in Dresden zun\u00e4chst am Bahnhof in der Neustadt. Und selten habe ich eine derma\u00dfen sch\u00f6ne, gut restaurierte Bahnhofshalle gesehen! Dass der Bahnhof gerade zum Irrgartenlauf zwingt, weil er komplett renoviert wird, kann man dar\u00fcber zum Gl\u00fcck etwas vergessen. Mein Ausblick bereits aus dem Zug sah so aus: Bei solchem Wetter und so [&hellip;]<\/p>\n","protected":false},"author":1,"featured_media":0,"comment_status":"closed","ping_status":"open","sticky":false,"template":"","format":"standard","meta":{"wprm-recipe-roundup-name":"","wprm-recipe-roundup-description":""},"categories":[3,4,46,346],"tags":[469,456,465,468,471,59,470,467,464,466],"_links":{"self":[{"href":"https:\/\/kulturblaettchen.de\/index.php?rest_route=\/wp\/v2\/posts\/1201"}],"collection":[{"href":"https:\/\/kulturblaettchen.de\/index.php?rest_route=\/wp\/v2\/posts"}],"about":[{"href":"https:\/\/kulturblaettchen.de\/index.php?rest_route=\/wp\/v2\/types\/post"}],"author":[{"embeddable":true,"href":"https:\/\/kulturblaettchen.de\/index.php?rest_route=\/wp\/v2\/users\/1"}],"replies":[{"embeddable":true,"href":"https:\/\/kulturblaettchen.de\/index.php?rest_route=%2Fwp%2Fv2%2Fcomments&post=1201"}],"version-history":[{"count":8,"href":"https:\/\/kulturblaettchen.de\/index.php?rest_route=\/wp\/v2\/posts\/1201\/revisions"}],"predecessor-version":[{"id":1921,"href":"https:\/\/kulturblaettchen.de\/index.php?rest_route=\/wp\/v2\/posts\/1201\/revisions\/1921"}],"wp:attachment":[{"href":"https:\/\/kulturblaettchen.de\/index.php?rest_route=%2Fwp%2Fv2%2Fmedia&parent=1201"}],"wp:term":[{"taxonomy":"category","embeddable":true,"href":"https:\/\/kulturblaettchen.de\/index.php?rest_route=%2Fwp%2Fv2%2Fcategories&post=1201"},{"taxonomy":"post_tag","embeddable":true,"href":"https:\/\/kulturblaettchen.de\/index.php?rest_route=%2Fwp%2Fv2%2Ftags&post=1201"}],"curies":[{"name":"wp","href":"https:\/\/api.w.org\/{rel}","templated":true}]}}