{"id":1197,"date":"2012-11-22T12:45:39","date_gmt":"2012-11-22T11:45:39","guid":{"rendered":"http:\/\/kulturblaettchen.de\/?p=1197"},"modified":"2012-11-25T14:38:00","modified_gmt":"2012-11-25T13:38:00","slug":"dresden-im-netzwerk-der-moderne","status":"publish","type":"post","link":"https:\/\/kulturblaettchen.de\/?p=1197","title":{"rendered":"Dresden \u2013 Im Netzwerk der Moderne"},"content":{"rendered":"<p>In der Dresdner Kunsthalle im Lipiusbau gibt es noch bis zum 6. Januar 2013 eine sehr sehenswerte Ausstellung zu einem Kind der Stadt: Will Grohmann war Dresdner und Kunstkritiker. Die Liste der K\u00fcnstler, mit denen er bekannt und befreundet war ist lang und illuster.<\/p>\n<p>Geschickt nutzt die Ausstellung dies zu ihren Gunsten. Klee, Kandinsky, Kesting und viele andere K\u00fcnstler des 20. Jahrhunderts bilden ganz buchst\u00e4blich den Rahmen der Ausstellung. In der gro\u00dfen, indirekt beleuchteten, grau gestrichenen Halle sind ihre Werke das erste, was der Besucher sieht. Grohmann selbst verschwindet so scheinbar.<\/p>\n<p>Denn zuerst gibt es f\u00fcr den Besucher die Ausgestellten Werke zu entdecken. Dank des deutschen Urheberrechts fehlen hier im Blog jedoch \u00a0all die sch\u00f6nen Bilder, die ich mir gerne nicht nur mit Titel sondern auch in Farbe gemerkt h\u00e4tte:<\/p>\n<ul>\n<li>Feiningers &#8220;Allee&#8221; und &#8220;Sieg der Sloop &#8216;Maria'&#8221;<\/li>\n<li>Bill: &#8220;<a href=\"http:\/\/skd-online-collection.skd.museum\/de\/contents\/showSearch?id=167072\" target=\"_blank\">Halbe Kugel um zwei Achsen<\/a>&#8221; und &#8220;Unbegrenzt und begrenzt&#8221;<\/li>\n<li>Kandinsky: &#8220;Einige Kreise&#8221; und &#8220;Fr\u00f6hlicher Aufstieg&#8221;<\/li>\n<li>Geiger: &#8220;wjasma&#8221;<\/li>\n<li>May: &#8220;Das Freiburger Bild&#8221;<\/li>\n<li>Moholy-Nagy: &#8220;Komposition&#8221;<\/li>\n<li>Klee: &#8220;Sonnenuntergang&#8221;<\/li>\n<li>Brech: &#8220;Nr V cis-moll&#8221; (Videoinstallation)<\/li>\n<\/ul>\n<p>Einen kleinen Eindruck der Ausstellung kann man auf der Homepage der Staatlichen Kunstsammlung Dresden bekommen. Dort gibt es nicht nur eine <a href=\"http:\/\/www.skd.museum\/de\/sonderausstellungen\/im-netzwerk-der-moderne\/index.html\" target=\"_blank\">Seite zur Ausstellung<\/a>, sondern auch eine sehr interessante\u00a0<a href=\"http:\/\/skd-online-collection.skd.museum\/de\/contents\/artexplorer\" target=\"_blank\">Seite auf der alle Objekte der Staatlichen Kunstsammlungen photographiert und katalogisiert sind<\/a>. Im Video zur Ausstellung wird auch sichtbar, wie gut der Grauton der W\u00e4nde die Bilder zum leuchten bringt.<\/p>\n<p>Der Kunstkritiker Will Grohmann bleibt wie gesagt uf den ersten Blick zun\u00e4chst unsichtbar. Tats\u00e4chlich befindet er sich aber ganz w\u00f6rtlich im Zentrum der Ausstellung. Dort gibt es eine gro\u00dfe Multimedia-Insel, auf der Fotos, Videos, Tonausz\u00fcge von und \u00fcber Will Grohmann ebenso zu finden sind, wie B\u00fccher und der Ausstellungskatalog.\u00a0Allerdings: Die meisten Besucher interessieren sich tats\u00e4chlich viel mehr f\u00fcr die ausgestellten Kunstwerke und weniger f\u00fcr die Dokumente zu Will Grohmann. Dies mag unter anderem auch daran liegen, dass die genutzte Software es nicht erm\u00f6glicht, in den Ton- und Videodateien zu spulen und weniger intuitiv ist, als w\u00fcnschenswert w\u00e4re.<\/p>\n<p>&nbsp;<\/p>\n","protected":false},"excerpt":{"rendered":"<p>In der Dresdner Kunsthalle im Lipiusbau gibt es noch bis zum 6. Januar 2013 eine sehr sehenswerte Ausstellung zu einem Kind der Stadt: Will Grohmann war Dresdner und Kunstkritiker. Die Liste der K\u00fcnstler, mit denen er bekannt und befreundet war ist lang und illuster. Geschickt nutzt die Ausstellung dies zu ihren Gunsten. Klee, Kandinsky, Kesting [&hellip;]<\/p>\n","protected":false},"author":1,"featured_media":0,"comment_status":"open","ping_status":"open","sticky":false,"template":"","format":"standard","meta":{"wprm-recipe-roundup-name":"","wprm-recipe-roundup-description":""},"categories":[4,58,14,346],"tags":[456,461,463,833,462,244,460],"_links":{"self":[{"href":"https:\/\/kulturblaettchen.de\/index.php?rest_route=\/wp\/v2\/posts\/1197"}],"collection":[{"href":"https:\/\/kulturblaettchen.de\/index.php?rest_route=\/wp\/v2\/posts"}],"about":[{"href":"https:\/\/kulturblaettchen.de\/index.php?rest_route=\/wp\/v2\/types\/post"}],"author":[{"embeddable":true,"href":"https:\/\/kulturblaettchen.de\/index.php?rest_route=\/wp\/v2\/users\/1"}],"replies":[{"embeddable":true,"href":"https:\/\/kulturblaettchen.de\/index.php?rest_route=%2Fwp%2Fv2%2Fcomments&post=1197"}],"version-history":[{"count":5,"href":"https:\/\/kulturblaettchen.de\/index.php?rest_route=\/wp\/v2\/posts\/1197\/revisions"}],"predecessor-version":[{"id":1448,"href":"https:\/\/kulturblaettchen.de\/index.php?rest_route=\/wp\/v2\/posts\/1197\/revisions\/1448"}],"wp:attachment":[{"href":"https:\/\/kulturblaettchen.de\/index.php?rest_route=%2Fwp%2Fv2%2Fmedia&parent=1197"}],"wp:term":[{"taxonomy":"category","embeddable":true,"href":"https:\/\/kulturblaettchen.de\/index.php?rest_route=%2Fwp%2Fv2%2Fcategories&post=1197"},{"taxonomy":"post_tag","embeddable":true,"href":"https:\/\/kulturblaettchen.de\/index.php?rest_route=%2Fwp%2Fv2%2Ftags&post=1197"}],"curies":[{"name":"wp","href":"https:\/\/api.w.org\/{rel}","templated":true}]}}